{"id":10680,"date":"2019-12-01T09:12:01","date_gmt":"2019-12-01T08:12:01","guid":{"rendered":"http:\/\/un-film-un-jour.com\/?p=10680"},"modified":"2019-12-01T09:40:59","modified_gmt":"2019-12-01T08:40:59","slug":"gloria-mundi","status":"publish","type":"post","link":"https:\/\/un-film-un-jour.com\/index.php\/2019\/12\/01\/gloria-mundi\/","title":{"rendered":"Gloria Mundi \u2605\u2606\u2606\u2606"},"content":{"rendered":"<p><img loading=\"lazy\" decoding=\"async\" class=\"alignleft size-medium\" src=\"http:\/\/fr.web.img5.acsta.net\/r_1920_1080\/pictures\/19\/08\/12\/22\/12\/3000705.jpg\" width=\"317\" height=\"430\" \/>Osons le dire de but en blanc : <em>Gloria Mundi<\/em> est rat\u00e9. Pourtant la critique est unanime, des <em>Cahiers du Cin\u00e9ma<\/em> \u00e0 <em>L&rsquo;Humanit\u00e9<\/em> (\u00e9videmment), en passant par <em>Elle<\/em>, <em>Marianne<\/em> et <em>Les Inrocks<\/em>. Le film a fait un triomphe \u00e0 la <em>Mostra<\/em> de Venise o\u00f9 Ariane Ascaride s&rsquo;est vu d\u00e9cerner le Prix de la meilleure actrice. Seul \u00e9met une voix dissidente <em>Le Figaro<\/em> &#8211; ce qui serait plut\u00f4t de nature \u00e0 accr\u00e9diter l&rsquo;id\u00e9e d&rsquo;une partialit\u00e9 suspecte du grand quotidien de droite pour cet inlassable porte-voix de la cause prol\u00e9tarienne.<\/p>\n<p>Il ne s&rsquo;agit ici de critiquer ni l&rsquo;homme ni l\u2019\u0153uvre . Un homme dont la saine col\u00e8re contre les injustices de notre monde force l&rsquo;admiration. Une \u0153uvre qui compte vingt-et-un films en pr\u00e8s de quarante ans, dont un immense succ\u00e8s populaire (<em>Marius et Jeannette<\/em> en 1997) et plusieurs grandes r\u00e9ussites (ma pr\u00e9f\u00e9rence va aux <em>Neiges du Kilimandjaro<\/em> qui m&rsquo;avait \u00e9mu aux larmes fin 2011).<\/p>\n<p>Comme Ken Loach, Robert Gu\u00e9diguian vieillit. Et, comme Ken Loach dont j&rsquo;ai dit <a href=\"https:\/\/un-film-un-jour.com\/index.php\/2019\/10\/24\/sorry-we-missed-you\/\"><em>ici<\/em> <\/a>tout le mal que je pensais de son dernier film, il vieillit mal. Je lui en avais d\u00e9j\u00e0 fait le reproche fin 2017 \u00e0 la sortie de <a href=\"https:\/\/un-film-un-jour.com\/index.php\/2017\/12\/07\/la-villa\/\"><em>La Villa<\/em><\/a>. Les m\u00eames d\u00e9fauts sont toujours l\u00e0. Pire, ils sont amplifi\u00e9s.<\/p>\n<p>\u00c0 commencer par le sc\u00e9nario. Regardez la bande-annonce. On y voit un b\u00e9b\u00e9, Gloria, sa m\u00e8re Mathilda (Ana\u00efs Demoustier en rage contre l&rsquo;injustice du monde), son p\u00e8re Nicolas (Robinson St\u00e9venin, victime na\u00efve des sir\u00e8nes de l&rsquo;ub\u00e9risation), sa grand-m\u00e8re Sylvie (Ariane Ascaride qui nettoie les WC des ferry-boats en pull cachemire avec un brushing impeccable), sa tante (Lola Naymark, cagole \u00e9go\u00efste qui se ridiculise dans une sextape embarrassante) et le mari de celle-ci (Gr\u00e9goire Leprince-Ringuet, \u00ab\u00a0premier de cord\u00e9e\u00a0\u00bb carburant \u00e0 la coke et au stupre). \u00c9lev\u00e9e par son beau-p\u00e8re Richard (Jean-Pierre Darroussin, un bloc d&rsquo;humanit\u00e9 g\u00e9n\u00e9reuse), Mathilda n&rsquo;a pas connu son p\u00e8re biologique Daniel (G\u00e9rard Meylan, sorte de Jean Valjean amateur de ha\u00efkus) qui revient \u00e0 Marseille apr\u00e8s avoir purg\u00e9 une longue peine de prison juste \u00e0 temps pour donner \u00e0 Gloria l&rsquo;amour paternel qu&rsquo;il n&rsquo;a pas su manifester \u00e0 sa fille.<br \/>\nTout est dit, avec une \u00e9conomie admirable, en une minute trente. Tout est dilu\u00e9, avec du fil tr\u00e8s blanc, des coutures \u00e9paisses, une lourdeur pachydermique, des rebondissements pr\u00e9visibles, durant les cent-sept minutes que dure le film. [Attention spoiler : la fin de <em>Gloria Mundi<\/em> est inutilement tragique. Un crime accidentel sera commis. Je vous laisse deviner qui en sera la victime, qui en sera l&rsquo;auteur et qui acceptera, dans un ultime sacrifice, d&rsquo;en assumer la responsabilit\u00e9. Ce n&rsquo;est pas tr\u00e8s difficile.]<\/p>\n<p><a href=\"http:\/\/www.allocine.fr\/video\/player_gen_cmedia=19584745&amp;cfilm=269632.html\">La bande-annonce<\/a><\/p>\n","protected":false},"excerpt":{"rendered":"<p>Osons le dire de but en blanc : Gloria Mundi est rat\u00e9. Pourtant la critique est unanime, des Cahiers du Cin\u00e9ma \u00e0 L&rsquo;Humanit\u00e9 (\u00e9videmment), en passant par Elle, Marianne et Les Inrocks. Le film a fait un triomphe \u00e0 la Mostra de Venise o\u00f9 Ariane Ascaride s&rsquo;est vu d\u00e9cerner le Prix de la meilleure actrice. [&hellip;]<\/p>\n","protected":false},"author":1,"featured_media":0,"comment_status":"open","ping_status":"open","sticky":false,"template":"","format":"standard","meta":{"footnotes":""},"categories":[47,60],"tags":[],"class_list":["post-10680","post","type-post","status-publish","format-standard","hentry","category-films-sortis-en-2019","category-films-sortis-en-novembre-2019"],"_links":{"self":[{"href":"https:\/\/un-film-un-jour.com\/index.php\/wp-json\/wp\/v2\/posts\/10680","targetHints":{"allow":["GET"]}}],"collection":[{"href":"https:\/\/un-film-un-jour.com\/index.php\/wp-json\/wp\/v2\/posts"}],"about":[{"href":"https:\/\/un-film-un-jour.com\/index.php\/wp-json\/wp\/v2\/types\/post"}],"author":[{"embeddable":true,"href":"https:\/\/un-film-un-jour.com\/index.php\/wp-json\/wp\/v2\/users\/1"}],"replies":[{"embeddable":true,"href":"https:\/\/un-film-un-jour.com\/index.php\/wp-json\/wp\/v2\/comments?post=10680"}],"version-history":[{"count":10,"href":"https:\/\/un-film-un-jour.com\/index.php\/wp-json\/wp\/v2\/posts\/10680\/revisions"}],"predecessor-version":[{"id":10729,"href":"https:\/\/un-film-un-jour.com\/index.php\/wp-json\/wp\/v2\/posts\/10680\/revisions\/10729"}],"wp:attachment":[{"href":"https:\/\/un-film-un-jour.com\/index.php\/wp-json\/wp\/v2\/media?parent=10680"}],"wp:term":[{"taxonomy":"category","embeddable":true,"href":"https:\/\/un-film-un-jour.com\/index.php\/wp-json\/wp\/v2\/categories?post=10680"},{"taxonomy":"post_tag","embeddable":true,"href":"https:\/\/un-film-un-jour.com\/index.php\/wp-json\/wp\/v2\/tags?post=10680"}],"curies":[{"name":"wp","href":"https:\/\/api.w.org\/{rel}","templated":true}]}}