{"id":10911,"date":"2019-12-22T10:40:52","date_gmt":"2019-12-22T09:40:52","guid":{"rendered":"http:\/\/un-film-un-jour.com\/?p=10911"},"modified":"2019-12-26T23:42:38","modified_gmt":"2019-12-26T22:42:38","slug":"les-deux-papes","status":"publish","type":"post","link":"https:\/\/un-film-un-jour.com\/index.php\/2019\/12\/22\/les-deux-papes\/","title":{"rendered":"Les Deux Papes \u2605\u2605\u2606\u2606"},"content":{"rendered":"<p><img loading=\"lazy\" decoding=\"async\" class=\"alignleft size-medium\" src=\"http:\/\/fr.web.img6.acsta.net\/r_1920_1080\/pictures\/19\/12\/02\/12\/19\/5989871.jpg\" width=\"317\" height=\"430\" \/>2005. Jean-Paul II est mort. \u00ab\u00a0Un nouveau pape est appel\u00e9 \u00e0 r\u00e9gner. Araign\u00e9e ? Quel dr\u00f4le de nom.\u00a0\u00bb<br \/>\nOups&#8230; je m&rsquo;\u00e9gare.<br \/>\n2005 donc. Le conclave se r\u00e9unit dans la Chapelle Sixtine pour \u00e9lire un nouveau pape. Doyen du coll\u00e8ge des cardinaux, Joseph Ratzinger (Anthony Hopkins) est le grand favori. Pr\u00e9fet de la Congr\u00e9gation pour la doctrine de la foi, il incarne la continuit\u00e9 d&rsquo;un pape tr\u00e8s populaire mais aussi tr\u00e8s conservateur. Pourtant, au sein du conclave, des voix s&rsquo;\u00e9l\u00e8vent en faveur de Jorge Bergoglio (Jonathan Pryce), un j\u00e9suite argentin aux positions plus progressistes.<br \/>\nSept ans plus tard, le cardinal Bergoglio, atteint par la limite d&rsquo;\u00e2ge, souhaite renoncer \u00e0 son office. Ratzinger, \u00e9lu pape sous le nom de Beno\u00eet XVI, le convoque dans sa r\u00e9sidence d&rsquo;\u00e9t\u00e9, \u00e0 Castel Gandolfo, pour le mettre dans la confidence d&rsquo;un incroyable secret.<\/p>\n<p>La renonciation de Beno\u00eet XVI est un des actes les plus importants qu&rsquo;a v\u00e9cu la papaut\u00e9 ces derni\u00e8res d\u00e9cennies, un des plus surprenants, des plus \u00ab\u00a0disruptifs\u00a0\u00bb de la part d&rsquo;un pape r\u00e9put\u00e9 au contraire pour sa fid\u00e9lit\u00e9 au dogme.<br \/>\nIl \u00e9tait tentant d&rsquo;en raconter l&rsquo;histoire, quitte \u00e0 en simplifier les enjeux. On aurait volontiers imagin\u00e9 une pi\u00e8ce de th\u00e9\u00e2tre, un huis clos mettant en pr\u00e9sence les deux papes, comme Talleyrand et Fouch\u00e9 dans <em>Le Souper<\/em>, ou Choltitz et Nording dans <em>Diplomatie<\/em>. Le r\u00e9alisateur br\u00e9silien Fernando Mereilles (qu&rsquo;on avait connu plus audacieux dans ses pr\u00e9c\u00e9dents films <em>La Cit\u00e9 de Dieu<\/em>, <em>The Constant Gardener<\/em>, <em>Blindness<\/em>, <em>360<\/em>) n&rsquo;ose pas opter pour ce parti pris radical. Si les face-\u00e0-face entre les deux hommes, \u00e0 Castel Gandolfo d&rsquo;abord, dans la Chapelle Sixtine ensuite, constituent le plat de r\u00e9sistance du film, il s&rsquo;est senti oblig\u00e9 de les entourer d&rsquo;amuse-bouche et de trous normands.<\/p>\n<p>Et c&rsquo;est bien dommage. Car le film aurait d\u00fb se focaliser sur leurs rencontres. Il aurait d\u00fb confronter leurs visions antagonistes de l&rsquo;\u00c9glise : un attachement irr\u00e9ductible et d&rsquo;une imparable coh\u00e9rence intellectuelle au Dogme chez Beno\u00eet, une vision d&rsquo;une \u00c9glise en mouvement, oblig\u00e9e de s&rsquo;adapter au monde dans lequel elle vit, chez le futur pape Fran\u00e7ois. Il aurait d\u00fb creuser les grands dossiers qui ont fait tomber Beno\u00eet qui ne sont mentionn\u00e9s qu&rsquo;en passant : les scandales financiers \u00e0 la Banque vaticane, le silence gard\u00e9 sur les abus sexuels commis par certains religieux, l&rsquo;attachement forcen\u00e9 de la Curie romaine \u00e0 ses privil\u00e8ges\u2026<\/p>\n<p>Le film s&rsquo;\u00e9gare dans des chemins de traverse. Des flash-back s\u00e9pia nous montrent le jeune Bergoglio au mitan des ann\u00e9es cinquante h\u00e9siter sur sa vocation apostolique dans une Buenos Aires s\u00e9pia. On le voit ensuite, en couleurs, sous la dictature argentine, prendre des positions compromettantes qui le hanteront tout le reste de sa vie. On le voit enfin dans les ann\u00e9es 2000 mener son sacerdoce au contact des plus pauvres dans les banlieues de Buenos Aires. Ces d\u00e9veloppements certes nous \u00e9clairent sur la personnalit\u00e9 du pape Fran\u00e7ois et son pass\u00e9 ; mais ils nous \u00e9loignent du vrai sujet du film qui aurait d\u00fb \u00eatre la confrontation entre les deux hommes.<\/p>\n<p>Mais nous sommes dimanche. Les cloches sonnent. La messe nous appelle. Il est temps de clore cette critique.<\/p>\n<p><a href=\"http:\/\/www.allocine.fr\/video\/player_gen_cmedia=19586422&amp;cfilm=258752.html\">La bande-annonce<\/a><\/p>\n","protected":false},"excerpt":{"rendered":"<p>2005. Jean-Paul II est mort. \u00ab\u00a0Un nouveau pape est appel\u00e9 \u00e0 r\u00e9gner. Araign\u00e9e ? Quel dr\u00f4le de nom.\u00a0\u00bb Oups&#8230; je m&rsquo;\u00e9gare. 2005 donc. Le conclave se r\u00e9unit dans la Chapelle Sixtine pour \u00e9lire un nouveau pape. Doyen du coll\u00e8ge des cardinaux, Joseph Ratzinger (Anthony Hopkins) est le grand favori. Pr\u00e9fet de la Congr\u00e9gation pour la [&hellip;]<\/p>\n","protected":false},"author":1,"featured_media":0,"comment_status":"open","ping_status":"open","sticky":false,"template":"","format":"standard","meta":{"footnotes":""},"categories":[47,63,54],"tags":[],"class_list":["post-10911","post","type-post","status-publish","format-standard","hentry","category-films-sortis-en-2019","category-films-sortis-en-decembre-2019","category-inedit-en-salles"],"_links":{"self":[{"href":"https:\/\/un-film-un-jour.com\/index.php\/wp-json\/wp\/v2\/posts\/10911","targetHints":{"allow":["GET"]}}],"collection":[{"href":"https:\/\/un-film-un-jour.com\/index.php\/wp-json\/wp\/v2\/posts"}],"about":[{"href":"https:\/\/un-film-un-jour.com\/index.php\/wp-json\/wp\/v2\/types\/post"}],"author":[{"embeddable":true,"href":"https:\/\/un-film-un-jour.com\/index.php\/wp-json\/wp\/v2\/users\/1"}],"replies":[{"embeddable":true,"href":"https:\/\/un-film-un-jour.com\/index.php\/wp-json\/wp\/v2\/comments?post=10911"}],"version-history":[{"count":7,"href":"https:\/\/un-film-un-jour.com\/index.php\/wp-json\/wp\/v2\/posts\/10911\/revisions"}],"predecessor-version":[{"id":10965,"href":"https:\/\/un-film-un-jour.com\/index.php\/wp-json\/wp\/v2\/posts\/10911\/revisions\/10965"}],"wp:attachment":[{"href":"https:\/\/un-film-un-jour.com\/index.php\/wp-json\/wp\/v2\/media?parent=10911"}],"wp:term":[{"taxonomy":"category","embeddable":true,"href":"https:\/\/un-film-un-jour.com\/index.php\/wp-json\/wp\/v2\/categories?post=10911"},{"taxonomy":"post_tag","embeddable":true,"href":"https:\/\/un-film-un-jour.com\/index.php\/wp-json\/wp\/v2\/tags?post=10911"}],"curies":[{"name":"wp","href":"https:\/\/api.w.org\/{rel}","templated":true}]}}