{"id":11304,"date":"2020-02-06T07:50:00","date_gmt":"2020-02-06T06:50:00","guid":{"rendered":"http:\/\/un-film-un-jour.com\/?p=11304"},"modified":"2020-02-06T07:59:01","modified_gmt":"2020-02-06T06:59:01","slug":"la-cravate","status":"publish","type":"post","link":"https:\/\/un-film-un-jour.com\/index.php\/2020\/02\/06\/la-cravate\/","title":{"rendered":"La Cravate \u2605\u2605\u2606\u2606"},"content":{"rendered":"<p><img loading=\"lazy\" decoding=\"async\" class=\"alignleft size-medium\" src=\"http:\/\/fr.web.img3.acsta.net\/r_1920_1080\/pictures\/19\/12\/04\/09\/07\/5261042.jpg\" width=\"317\" height=\"430\" \/>Bastien R\u00e9gnier a vingt ans. Il a grandi dans l&rsquo;Oise. Il a deux passions dans la vie : le Laser Quest et le Front national. La Cravate le suit pendant la campagne pr\u00e9sidentielle 2017.<\/p>\n<p>Approcher la \u00ab\u00a0b\u00eate immonde\u00a0\u00bb. Nous faire comprendre de l&rsquo;int\u00e9rieur les motifs d&rsquo;un engagement \u00e0 l&rsquo;extr\u00eame-droite. Le pari est difficile. La fiction s&rsquo;y est essay\u00e9e avec succ\u00e8s avec <em>American History X<\/em>, <em>This is England<\/em>, ou, pour la France, <a href=\"https:\/\/un-film-un-jour.com\/index.php\/2017\/07\/01\/un-francais\/\"><em>Un fran\u00e7ais<\/em><\/a> en 2014 et <a href=\"https:\/\/un-film-un-jour.com\/index.php\/2017\/02\/27\/chez-nous\/\"><em>Chez nous<\/em><\/a> en 2017. Le documentaire devait s&rsquo;y frotter.<\/p>\n<p><em>Mains brunes sur la ville<\/em> l&rsquo;avait fait en 2012 en \u00e9tudiant le cas d&rsquo;Orange et de Boll\u00e8ne, \u00e9clairante d\u00e9monstration de sociologie \u00e9lectorale pour y comprendre les ressorts du front national. <em>La Cravate<\/em> n&rsquo;a pas cette ambition transversale. Il cherche \u00e0 s&rsquo;int\u00e9resser \u00e0 un individu et \u00e0 son parcours. Et il le capte \u00e0 un moment bien particulier de l&rsquo;histoire du Front, comme l&rsquo;annonce le titre : celui de sa d\u00e9diabolisation, celui o\u00f9 le mouvement fond\u00e9 en 1972 par Jean-Marie Le Pen troque rangers contre cravate pour gagner la respectabilit\u00e9 sans laquelle il n&rsquo;est pas de victoire \u00e9lectorale possible.<\/p>\n<p>Le pari n&rsquo;est qu&rsquo;\u00e0 moiti\u00e9 r\u00e9ussi. Deux \u00e9cueils guettaient les co-r\u00e9alisateurs &#8211; qui avaient d\u00e9j\u00e0 sign\u00e9 ensemble l&rsquo;excellent <a href=\"https:\/\/un-film-un-jour.com\/index.php\/2016\/04\/12\/la-sociologue-et-lourson\/\"><em>La Sociologue et l&rsquo;Ourson<\/em><\/a> qui revenait en 2016 sur la querelle autour du mariage pour tous. Le premier \u00e9tait de sombrer dans la caricature, de charger la barque en d\u00e9crivant un nazillon peinant \u00e0 cacher son id\u00e9ologie rance derri\u00e8re un vernis de respectabilit\u00e9. Le second \u00e9tait inverse : verser dans l&#8217;empathie et rendre sympathique une personnalit\u00e9 qui ne pouvait pas l&rsquo;\u00eatre.<\/p>\n<p><em>La Cravate<\/em> \u00e9vite ces deux \u00e9cueils et gr\u00e2ce doit lui \u00eatre rendue d&rsquo;y \u00eatre parvenu. Mais pour autant &#8211; et on pourra l\u00e9gitimement me trouver bien s\u00e9v\u00e8re &#8211; l&rsquo;ambigu\u00eft\u00e9 de son h\u00e9ros prive ce documentaire d&rsquo;une partie de son sel. On sent que les r\u00e9alisateurs avaient d\u00e9cel\u00e9 en lui des failles et un potentiel. Les failles, ils auront t\u00f4t fait de les percer \u00e0 jour. On n&rsquo;en dira pas plus sauf \u00e0 d\u00e9voiler une r\u00e9v\u00e9lation qui n&rsquo;en est pas vraiment une et que d&rsquo;ailleurs la moiti\u00e9 des critiques \u00e9voquent dans leurs r\u00e9censions. Le potentiel, h\u00e9las, restera inexploit\u00e9 : Bastien R\u00e9gnier ne sera pas choisi pour porter les couleurs du FN aux l\u00e9gislatives, au terme d&rsquo;un processus de d\u00e9signation trop vite survol\u00e9.<\/p>\n<p><em>La Cravate<\/em> est construit selon une m\u00e9canique tr\u00e8s artificielle. Les r\u00e9alisateurs invitent son protagoniste, apr\u00e8s le tournage, \u00e0 lire face cam\u00e9ra le script de leur documentaire et \u00e0 y r\u00e9agir \u00e0 chaud. On voit donc avec lui le film de sa vie racont\u00e9 par une voix off mielleuse qui d\u00e9bite un texte tr\u00e8s litt\u00e9raire \u00e0 la fa\u00e7on des romans d&rsquo;apprentissage. On s&rsquo;interroge sur la raison d&rsquo;\u00eatre de cette pr\u00e9sentation : offrir \u00e0 Bastien R\u00e9gnier un droit de r\u00e9ponse ? prouver aux spectateurs que son accord a \u00e9t\u00e9 recueilli pour le pr\u00e9senter sous un jour qui n&rsquo;est pas toujours flatteur ?<\/p>\n<p>Au moment de refermer le script, Bastien R\u00e9gnier s&rsquo;interroge : \u00ab\u00a0Est-ce que je suis un connard ?\u00a0\u00bb. Les spectateurs de la salle parisienne o\u00f9 j&rsquo;ai vu le film hier &#8211; le d\u00e9partement de France o\u00f9 le FN fait son plus mauvais score &#8211; avaient spontan\u00e9ment envie de r\u00e9pondre oui. Mais la v\u00e9rit\u00e9 oblige \u00e0 temp\u00e9rer ce jugement : \u00ab\u00a0Tu es simplement un na\u00eff qui s&rsquo;est fait avoir en exposant sa vie\u00a0\u00bb.<\/p>\n<p><a href=\"http:\/\/www.allocine.fr\/video\/player_gen_cmedia=19586528&amp;cfilm=278963.html\">La bande-annonce<\/a><\/p>\n","protected":false},"excerpt":{"rendered":"<p>Bastien R\u00e9gnier a vingt ans. Il a grandi dans l&rsquo;Oise. Il a deux passions dans la vie : le Laser Quest et le Front national. La Cravate le suit pendant la campagne pr\u00e9sidentielle 2017. Approcher la \u00ab\u00a0b\u00eate immonde\u00a0\u00bb. Nous faire comprendre de l&rsquo;int\u00e9rieur les motifs d&rsquo;un engagement \u00e0 l&rsquo;extr\u00eame-droite. Le pari est difficile. La fiction [&hellip;]<\/p>\n","protected":false},"author":1,"featured_media":0,"comment_status":"open","ping_status":"open","sticky":false,"template":"","format":"standard","meta":{"footnotes":""},"categories":[61,64],"tags":[],"class_list":["post-11304","post","type-post","status-publish","format-standard","hentry","category-films-sortis-en-2020","category-films-sortis-en-fevrier-2020"],"_links":{"self":[{"href":"https:\/\/un-film-un-jour.com\/index.php\/wp-json\/wp\/v2\/posts\/11304","targetHints":{"allow":["GET"]}}],"collection":[{"href":"https:\/\/un-film-un-jour.com\/index.php\/wp-json\/wp\/v2\/posts"}],"about":[{"href":"https:\/\/un-film-un-jour.com\/index.php\/wp-json\/wp\/v2\/types\/post"}],"author":[{"embeddable":true,"href":"https:\/\/un-film-un-jour.com\/index.php\/wp-json\/wp\/v2\/users\/1"}],"replies":[{"embeddable":true,"href":"https:\/\/un-film-un-jour.com\/index.php\/wp-json\/wp\/v2\/comments?post=11304"}],"version-history":[{"count":5,"href":"https:\/\/un-film-un-jour.com\/index.php\/wp-json\/wp\/v2\/posts\/11304\/revisions"}],"predecessor-version":[{"id":11320,"href":"https:\/\/un-film-un-jour.com\/index.php\/wp-json\/wp\/v2\/posts\/11304\/revisions\/11320"}],"wp:attachment":[{"href":"https:\/\/un-film-un-jour.com\/index.php\/wp-json\/wp\/v2\/media?parent=11304"}],"wp:term":[{"taxonomy":"category","embeddable":true,"href":"https:\/\/un-film-un-jour.com\/index.php\/wp-json\/wp\/v2\/categories?post=11304"},{"taxonomy":"post_tag","embeddable":true,"href":"https:\/\/un-film-un-jour.com\/index.php\/wp-json\/wp\/v2\/tags?post=11304"}],"curies":[{"name":"wp","href":"https:\/\/api.w.org\/{rel}","templated":true}]}}