{"id":11890,"date":"2020-05-18T07:27:13","date_gmt":"2020-05-18T06:27:13","guid":{"rendered":"http:\/\/un-film-un-jour.com\/?p=11890"},"modified":"2020-11-16T16:23:27","modified_gmt":"2020-11-16T15:23:27","slug":"le-silence-de-la-mer","status":"publish","type":"post","link":"https:\/\/un-film-un-jour.com\/index.php\/2020\/05\/18\/le-silence-de-la-mer\/","title":{"rendered":"Le Silence de la mer (1949) \u2605\u2605\u2606\u2606"},"content":{"rendered":"<p><img loading=\"lazy\" decoding=\"async\" class=\"alignleft size-medium\" src=\"https:\/\/4.bp.blogspot.com\/-NH1P3gIQ_qY\/VF4rnp6aVzI\/AAAAAAAAB88\/aZnUvz8IEUo\/s1600\/Le%2BSilence%2BDe%2BLa%2BMer%2Baff%2Boriginale.jpg\" width=\"317\" height=\"430\">Pendant l&rsquo;Occupation, un vieil homme et sa ni\u00e8ce doivent h\u00e9berger \u00e0 leur domicile un officier allemand. Ils ne peuvent faire barrage \u00e0 cette d\u00e9cision qu&rsquo;ils rejettent de toute leur \u00e2me. Mais ils manifestent leur r\u00e9probation en opposant \u00e0 leur h\u00f4te pourtant exquis un silence obstin\u00e9.<\/p>\n<p><em>Le Silence de la mer<\/em> est un court roman publi\u00e9 en 1942 par Vercors &#8211; de son vrai nom Jean Bruller &#8211; dans la clandestinit\u00e9 aux Editions de Minuit qu&rsquo;il venait de fonder. Son sujet est connu, profond\u00e9ment anti-cin\u00e9matographique : un officier allemand \u00e9choue \u00e0 faire sortir de leur silence les deux Fran\u00e7ais qui l&rsquo;accueillent contraints et forc\u00e9s chez eux pendant l&rsquo;Occupation.<\/p>\n<p>Le jeune Jean-Pierre Melville, qui a combattu dans les Forces fran\u00e7aises libres, d\u00e9cide de l&rsquo;adapter. Il n&rsquo;a pas d&rsquo;argent, pas de carte professionnelle ; les droits ont \u00e9t\u00e9 achet\u00e9s par Louis Jouvet. Mais qu&rsquo;importe ! Melville s&rsquo;ent\u00eate, obtient l&rsquo;accord oral de Vercors &#8211; qui lui pr\u00eatera sa maison pour y tourner son film &#8211; r\u00e9cup\u00e8re des pellicules au march\u00e9 noir.<\/p>\n<p>Le film de Melville est tr\u00e8s fid\u00e8le au livre. Il a, comme lui, la m\u00eame solennit\u00e9 qui, aujourd&rsquo;hui, nous appara\u00eetra un peu sentencieuse. L&rsquo;Allemand n&rsquo;est pas une brute ; c&rsquo;est au contraire un esth\u00e8te qui parle un fran\u00e7ais parfait, s&rsquo;enthousiasme pour la culture fran\u00e7aise, troque son uniforme pour un \u00e9l\u00e9gant complet crois\u00e9 pour gommer la distance qui le s\u00e9pare de ses h\u00f4tes. L&rsquo;oncle peine \u00e0 cacher l&rsquo;estime grandissante qu&rsquo;il lui porte ; la ni\u00e8ce a encore plus de mal \u00e0 taire son attirance.<\/p>\n<p><em>Le Silence de la mer<\/em>&nbsp;s&rsquo;autorise quelques \u00e9chapp\u00e9es belles hors du salon o\u00f9 les trois protagonistes se retrouvent chaque soir : \u00e0 Paris notamment o\u00f9 dans deux sc\u00e8nes trop explicatives, Werner von Ebrennac comprendra que la collaboration est un leurre. Mais l&rsquo;essentiel se joue entre ces quatre murs, dans le monologue trop lyrique du jeune homme, qui croit envers et contre tout dans la possibilit\u00e9 d&rsquo;une Europe allemande, et dans le silence t\u00eatu qui l&rsquo;accueille.<\/p>\n<p><a href=\"https:\/\/www.youtube.com\/watch?v=xVsunKIunss\">La bande-annonce<\/a><\/p>\n","protected":false},"excerpt":{"rendered":"<p>Pendant l&rsquo;Occupation, un vieil homme et sa ni\u00e8ce doivent h\u00e9berger \u00e0 leur domicile un officier allemand. Ils ne peuvent faire barrage \u00e0 cette d\u00e9cision qu&rsquo;ils rejettent de toute leur \u00e2me. Mais ils manifestent leur r\u00e9probation en opposant \u00e0 leur h\u00f4te pourtant exquis un silence obstin\u00e9. Le Silence de la mer est un court roman publi\u00e9 [&hellip;]<\/p>\n","protected":false},"author":1,"featured_media":0,"comment_status":"open","ping_status":"open","sticky":false,"template":"","format":"standard","meta":{"footnotes":""},"categories":[4],"tags":[],"class_list":["post-11890","post","type-post","status-publish","format-standard","hentry","category-films-anciens"],"_links":{"self":[{"href":"https:\/\/un-film-un-jour.com\/index.php\/wp-json\/wp\/v2\/posts\/11890","targetHints":{"allow":["GET"]}}],"collection":[{"href":"https:\/\/un-film-un-jour.com\/index.php\/wp-json\/wp\/v2\/posts"}],"about":[{"href":"https:\/\/un-film-un-jour.com\/index.php\/wp-json\/wp\/v2\/types\/post"}],"author":[{"embeddable":true,"href":"https:\/\/un-film-un-jour.com\/index.php\/wp-json\/wp\/v2\/users\/1"}],"replies":[{"embeddable":true,"href":"https:\/\/un-film-un-jour.com\/index.php\/wp-json\/wp\/v2\/comments?post=11890"}],"version-history":[{"count":5,"href":"https:\/\/un-film-un-jour.com\/index.php\/wp-json\/wp\/v2\/posts\/11890\/revisions"}],"predecessor-version":[{"id":13173,"href":"https:\/\/un-film-un-jour.com\/index.php\/wp-json\/wp\/v2\/posts\/11890\/revisions\/13173"}],"wp:attachment":[{"href":"https:\/\/un-film-un-jour.com\/index.php\/wp-json\/wp\/v2\/media?parent=11890"}],"wp:term":[{"taxonomy":"category","embeddable":true,"href":"https:\/\/un-film-un-jour.com\/index.php\/wp-json\/wp\/v2\/categories?post=11890"},{"taxonomy":"post_tag","embeddable":true,"href":"https:\/\/un-film-un-jour.com\/index.php\/wp-json\/wp\/v2\/tags?post=11890"}],"curies":[{"name":"wp","href":"https:\/\/api.w.org\/{rel}","templated":true}]}}