{"id":11907,"date":"2020-05-21T09:19:47","date_gmt":"2020-05-21T08:19:47","guid":{"rendered":"http:\/\/un-film-un-jour.com\/?p=11907"},"modified":"2020-05-30T08:27:31","modified_gmt":"2020-05-30T07:27:31","slug":"the-eddy","status":"publish","type":"post","link":"https:\/\/un-film-un-jour.com\/index.php\/2020\/05\/21\/the-eddy\/","title":{"rendered":"The Eddy \u2605\u2606\u2606\u2606"},"content":{"rendered":"<p><img loading=\"lazy\" decoding=\"async\" class=\"alignleft size-medium\" src=\"http:\/\/fr.web.img6.acsta.net\/r_1920_1080\/pictures\/20\/02\/28\/09\/32\/1857667.jpg\" width=\"317\" height=\"430\" \/>Elliot Udo (Andr\u00e9 Holland) est un jazzman new-yorkais qui s&rsquo;est expatri\u00e9 \u00e0 Paris. Il y a fond\u00e9 un club, <em>The Eddy<\/em>, avec son ami Farid (Tahar Rahim). Il a un temps v\u00e9cu en couple avec Maja (Joanna Kulig), la chanteuse du groupe qui s&rsquo;y produit tous les soirs. Sa fille adolescente (Amandla Stenberg), qui s&rsquo;est violemment disput\u00e9e avec sa m\u00e8re, vient le rejoindre \u00e0 Paris. Mais <em>The Eddy<\/em> perdant de l&rsquo;argent, Farid a pris des contacts dans le milieu qui vont mettre en p\u00e9ril sa s\u00e9curit\u00e9 et l&rsquo;avenir du club.<\/p>\n<p><em>The Eddy<\/em> est la derni\u00e8re s\u00e9rie distribu\u00e9e par Netflix, avec tambours et trompettes. L&rsquo;expression est pertinente s&rsquo;agissant d&rsquo;une s\u00e9rie dont la musique est le v\u00e9ritable h\u00e9ros. Elle ne se r\u00e9duit pas, comme souvent, \u00e0 un simple accompagnement, \u00e0 un bruit de fond plus ou moins sur-signifiant. Elle est au centre du film, qui prend souvent des teintes documentaires, captations de performances \u00e9bouriffantes dont tous les amoureux de jazz se d\u00e9lecteront.<\/p>\n<p>Mais pour tenir huit fois une heure, il fallait tisser un r\u00e9cit. Et c&rsquo;est l\u00e0 que le b\u00e2t blesse. Car personne ne semble vraiment convaincu, ni les sc\u00e9naristes, ni les acteurs et ni <em>a fortiori<\/em> les spectateurs par la vague intrigue polici\u00e8re avec son lot de petites frappes patibulaires qui se noue autour du club. Et ce n&rsquo;est pas en modifiant la focale \u00e0 chaque \u00e9pisode, cens\u00e9 se concentrer sur un des personnages de ce r\u00e9cit polyphonique (c&rsquo;est exactement le m\u00eame proc\u00e9d\u00e9 qui est utilis\u00e9 dans <em>Lost<\/em> ou dans <a href=\"https:\/\/un-film-un-jour.com\/index.php\/2020\/05\/30\/mrs-america\/\"><em>Mrs. America<\/em><\/a>), que le r\u00e9sultat est plus convaincant.<\/p>\n<p>Quatre r\u00e9alisateurs ont \u00e9t\u00e9 recrut\u00e9s pour r\u00e9aliser deux \u00e9pisodes chacun. L&rsquo;honn\u00eatet\u00e9 me force \u00e0 dire que c&rsquo;est Damien Chazelle, l&rsquo;auteur de <a href=\"https:\/\/un-film-un-jour.com\/index.php\/2017\/01\/22\/la-la-land\/\"><em>La La Land<\/em><\/a> (dont vous savez, fid\u00e8les lecteurs, l&rsquo;immarcescible admiration que je lui voue), l&rsquo;amoureux de jazz qui avait auparavant sign\u00e9 <em>Whiplash<\/em>, qui s&rsquo;en sort le plus mal. Le deuxi\u00e8me \u00e9pisode est une calamit\u00e9 apr\u00e8s laquelle j&rsquo;ai bien failli abandonner la s\u00e9rie. Houda Benyamina, la jeune r\u00e9alisatrice de <a href=\"https:\/\/un-film-un-jour.com\/index.php\/2016\/09\/03\/divines\/\"><em>Divines<\/em> <\/a>sauve la donne dans l&rsquo;\u00e9pisode suivant, sans doute le plus touchant de tous.<\/p>\n<p>Enti\u00e8rement tourn\u00e9 \u00e0 Paris, \u00e0 cheval entre les deux c\u00f4t\u00e9s du p\u00e9riph\u00e9rique, <em>The Eddy<\/em> rassemble un casting cosmopolite : Tahar Rahim et Le\u00efla Bekhti, en couple \u00e0 l&rsquo;\u00e9cran et \u00e0 la ville, Joanna Kulig, l&rsquo;h\u00e9ro\u00efne polonaise de <em>Cold War<\/em> et la jeune Amandla Sternberg, graine de star aux yeux de chat propuls\u00e9e par le succ\u00e8s de <em>Hunger Games <\/em>et de<a href=\"https:\/\/un-film-un-jour.com\/index.php\/2019\/02\/27\/the-hate-u-give\/\"><em> The Hate U Give<\/em><\/a>. On imagine le plaisir que ce petit monde a pris \u00e0 tourner ensemble. Dommage que leur joie ne soit pas plus communicative&#8230;<\/p>\n<p><a href=\"http:\/\/www.allocine.fr\/video\/player_gen_cmedia=19588387&amp;cserie=22059.html\">La bande-annonce<\/a><\/p>\n","protected":false},"excerpt":{"rendered":"<p>Elliot Udo (Andr\u00e9 Holland) est un jazzman new-yorkais qui s&rsquo;est expatri\u00e9 \u00e0 Paris. Il y a fond\u00e9 un club, The Eddy, avec son ami Farid (Tahar Rahim). Il a un temps v\u00e9cu en couple avec Maja (Joanna Kulig), la chanteuse du groupe qui s&rsquo;y produit tous les soirs. Sa fille adolescente (Amandla Stenberg), qui s&rsquo;est [&hellip;]<\/p>\n","protected":false},"author":1,"featured_media":0,"comment_status":"open","ping_status":"open","sticky":false,"template":"","format":"standard","meta":{"footnotes":""},"categories":[66],"tags":[],"class_list":["post-11907","post","type-post","status-publish","format-standard","hentry","category-series"],"_links":{"self":[{"href":"https:\/\/un-film-un-jour.com\/index.php\/wp-json\/wp\/v2\/posts\/11907","targetHints":{"allow":["GET"]}}],"collection":[{"href":"https:\/\/un-film-un-jour.com\/index.php\/wp-json\/wp\/v2\/posts"}],"about":[{"href":"https:\/\/un-film-un-jour.com\/index.php\/wp-json\/wp\/v2\/types\/post"}],"author":[{"embeddable":true,"href":"https:\/\/un-film-un-jour.com\/index.php\/wp-json\/wp\/v2\/users\/1"}],"replies":[{"embeddable":true,"href":"https:\/\/un-film-un-jour.com\/index.php\/wp-json\/wp\/v2\/comments?post=11907"}],"version-history":[{"count":5,"href":"https:\/\/un-film-un-jour.com\/index.php\/wp-json\/wp\/v2\/posts\/11907\/revisions"}],"predecessor-version":[{"id":11956,"href":"https:\/\/un-film-un-jour.com\/index.php\/wp-json\/wp\/v2\/posts\/11907\/revisions\/11956"}],"wp:attachment":[{"href":"https:\/\/un-film-un-jour.com\/index.php\/wp-json\/wp\/v2\/media?parent=11907"}],"wp:term":[{"taxonomy":"category","embeddable":true,"href":"https:\/\/un-film-un-jour.com\/index.php\/wp-json\/wp\/v2\/categories?post=11907"},{"taxonomy":"post_tag","embeddable":true,"href":"https:\/\/un-film-un-jour.com\/index.php\/wp-json\/wp\/v2\/tags?post=11907"}],"curies":[{"name":"wp","href":"https:\/\/api.w.org\/{rel}","templated":true}]}}