{"id":12383,"date":"2020-09-13T08:45:40","date_gmt":"2020-09-13T07:45:40","guid":{"rendered":"http:\/\/un-film-un-jour.com\/?p=12383"},"modified":"2020-09-13T08:53:47","modified_gmt":"2020-09-13T07:53:47","slug":"voir-le-jour","status":"publish","type":"post","link":"https:\/\/un-film-un-jour.com\/index.php\/2020\/09\/13\/voir-le-jour\/","title":{"rendered":"Voir le jour \u2605\u2605\u2606\u2606"},"content":{"rendered":"<p><img loading=\"lazy\" decoding=\"async\" class=\"alignleft size-medium\" src=\"http:\/\/fr.web.img5.acsta.net\/r_1920_1080\/pictures\/20\/04\/08\/09\/18\/5698805.jpg\" width=\"317\" height=\"430\" \/>La vie quotidienne dans un service de maternit\u00e9 en sous-effectif chronique : les accouchements, les patientes plus ou moins patientes, les personnels de sant\u00e9 d\u00e9bord\u00e9s mais unis dans une sororit\u00e9 bienveillante.<br \/>\nJeanne (Sandrine Bonnaire) y est auxiliaire de sant\u00e9. Dans une vie pass\u00e9e, elle s&rsquo;appelait Norma et chantait dans un groupe punk. Mais, \u00e0 la naissance de sa fille, Zo\u00e9, elle a choisi ce m\u00e9tier malgr\u00e9 ses astreintes.<\/p>\n<p><em>Voir le jour<\/em> est l&rsquo;adaptation fid\u00e8le du roman de Julie Bonnie <em>Chambre 2<\/em> couronn\u00e9 en 2013 par le prix du livre FNAC. Un roman bref et poignant dont je me souviens que la lecture \u00e0 l&rsquo;\u00e9poque m&rsquo;avait touch\u00e9 &#8211; mais dont, Alzheimer aidant, je n&rsquo;ai gard\u00e9 qu&rsquo;un souvenir tr\u00e8s flou du contenu.<\/p>\n<p><em>Voir le jour<\/em> joue sur notre corde sensible en nous montrant des nouveau-n\u00e9s attendrissants. Il faudrait avoir un c\u0153ur de pierre pour ne pas se laisser \u00e9mouvoir par leur innocence, par leur fragilit\u00e9 et par leur irr\u00e9sistible d\u00e9termination \u00e0 vivre.<\/p>\n<p><em>Voir le jour<\/em> explore aussi un th\u00e8me qui, depuis quelques ann\u00e9es, fait flor\u00e8s au cin\u00e9ma fran\u00e7ais : celui de l&rsquo;h\u00f4pital. On pense \u00e0 <em>Hippocrate<\/em>, le film de Thomas Lilti sorti en 2014 et \u00e0 <a href=\"https:\/\/un-film-un-jour.com\/index.php\/2020\/05\/08\/hippocrate\/\">la s\u00e9rie homonyme<\/a> qu&rsquo;il a r\u00e9alis\u00e9 pour Canal plus, ou \u00e0 <a href=\"https:\/\/un-film-un-jour.com\/index.php\/2017\/03\/05\/patients-2\/\"><em>Patients<\/em><\/a>, autant d&rsquo;\u0153uvres excellentes, aussi intelligentes qu&rsquo;\u00e9mouvantes. On pense aussi \u00e0 <a href=\"https:\/\/un-film-un-jour.com\/index.php\/2018\/12\/25\/pupille\/\"><em>Pupille<\/em><\/a>, que j&rsquo;avais class\u00e9 parmi les tout meilleurs films de l&rsquo;ann\u00e9e 2018.<\/p>\n<p>Marion Laine, une r\u00e9alisatrice confirm\u00e9e dont Sandrine Bonnaire est l&rsquo;actrice f\u00e9tiche, a recrut\u00e9 un casting aux petits oignons pour l&rsquo;entourer : Brigitte Ro\u00fcan, d\u00e9cid\u00e9ment aussi talentueuse devant que derri\u00e8re la cam\u00e9ra, Laure Atika qui, l&rsquo;\u00e2ge venu, a su abandonner les r\u00f4les de bimbos qui avaient fait sa renomm\u00e9e, Sarah Stern, rousse exub\u00e9rante, fille des <em>Tuche<\/em>, Kenza Fortas, cagole au c\u0153ur pur, h\u00e9ro\u00efne de <a href=\"https:\/\/un-film-un-jour.com\/index.php\/2018\/09\/05\/sheherazade\/\"><em>Sh\u00e9h\u00e9razade<\/em><\/a>.<\/p>\n<p><em>Voir le jour<\/em> n&rsquo;est jamais meilleur que quand il filme l&rsquo;activit\u00e9 tr\u00e9pidante de la maternit\u00e9, ses alertes et ses conflits, . En revanche, il se dilue \u00e0 vouloir raconter d&rsquo;autres histoires : la relation m\u00e8re-fille entre Jeanne et Zo\u00e9 et surtout, au prix de flashbacks calamiteux, la folle jeunesse de Jeanne\/Norma et sa r\u00e9demption dans le travail. Cette couche narrative n&rsquo;apporte rien. Pire, elle vide un film qui aurait pu \u00eatre exceptionnel de sa force.<\/p>\n<p>PS : Un clin d&rsquo;\u0153il \u00e0 Franck Bouysse dont on voit en passant l&rsquo;affiche du livre <em>N\u00e9 d&rsquo;aucune femme<\/em><\/p>\n<p><a href=\"http:\/\/www.allocine.fr\/video\/player_gen_cmedia=19587423&amp;cfilm=270880.html\">La bande-annonce<\/a><\/p>\n","protected":false},"excerpt":{"rendered":"<p>La vie quotidienne dans un service de maternit\u00e9 en sous-effectif chronique : les accouchements, les patientes plus ou moins patientes, les personnels de sant\u00e9 d\u00e9bord\u00e9s mais unis dans une sororit\u00e9 bienveillante. Jeanne (Sandrine Bonnaire) y est auxiliaire de sant\u00e9. Dans une vie pass\u00e9e, elle s&rsquo;appelait Norma et chantait dans un groupe punk. Mais, \u00e0 la [&hellip;]<\/p>\n","protected":false},"author":1,"featured_media":0,"comment_status":"open","ping_status":"open","sticky":false,"template":"","format":"standard","meta":{"footnotes":""},"categories":[61,70],"tags":[],"class_list":["post-12383","post","type-post","status-publish","format-standard","hentry","category-films-sortis-en-2020","category-films-sortis-en-aout-2020"],"_links":{"self":[{"href":"https:\/\/un-film-un-jour.com\/index.php\/wp-json\/wp\/v2\/posts\/12383","targetHints":{"allow":["GET"]}}],"collection":[{"href":"https:\/\/un-film-un-jour.com\/index.php\/wp-json\/wp\/v2\/posts"}],"about":[{"href":"https:\/\/un-film-un-jour.com\/index.php\/wp-json\/wp\/v2\/types\/post"}],"author":[{"embeddable":true,"href":"https:\/\/un-film-un-jour.com\/index.php\/wp-json\/wp\/v2\/users\/1"}],"replies":[{"embeddable":true,"href":"https:\/\/un-film-un-jour.com\/index.php\/wp-json\/wp\/v2\/comments?post=12383"}],"version-history":[{"count":6,"href":"https:\/\/un-film-un-jour.com\/index.php\/wp-json\/wp\/v2\/posts\/12383\/revisions"}],"predecessor-version":[{"id":12636,"href":"https:\/\/un-film-un-jour.com\/index.php\/wp-json\/wp\/v2\/posts\/12383\/revisions\/12636"}],"wp:attachment":[{"href":"https:\/\/un-film-un-jour.com\/index.php\/wp-json\/wp\/v2\/media?parent=12383"}],"wp:term":[{"taxonomy":"category","embeddable":true,"href":"https:\/\/un-film-un-jour.com\/index.php\/wp-json\/wp\/v2\/categories?post=12383"},{"taxonomy":"post_tag","embeddable":true,"href":"https:\/\/un-film-un-jour.com\/index.php\/wp-json\/wp\/v2\/tags?post=12383"}],"curies":[{"name":"wp","href":"https:\/\/api.w.org\/{rel}","templated":true}]}}