{"id":12594,"date":"2020-12-05T08:45:02","date_gmt":"2020-12-05T07:45:02","guid":{"rendered":"http:\/\/un-film-un-jour.com\/?p=12594"},"modified":"2020-12-08T08:32:39","modified_gmt":"2020-12-08T07:32:39","slug":"a-ma-place","status":"publish","type":"post","link":"https:\/\/un-film-un-jour.com\/index.php\/2020\/12\/05\/a-ma-place\/","title":{"rendered":"\u00c0 ma place \u2605\u2605\u2606\u2606"},"content":{"rendered":"<p><img loading=\"lazy\" decoding=\"async\" class=\"alignleft size-medium\" src=\"http:\/\/fr.web.img6.acsta.net\/r_1920_1080\/pictures\/20\/09\/08\/13\/18\/3028395.jpg\" width=\"317\" height=\"430\" \/>Savannah a vingt-cinq ans. En avril 2016, la documentariste Jeanne Dressen la d\u00e9couvre sur la place de la R\u00e9publique, micro au poing, haranguant les foules, et s&rsquo;attache \u00e0 ses pas. La jeune femme est \u00e9tudiante en sociologie \u00e0 Saint-Quentin-en-Yvelines. Elle esp\u00e8re int\u00e9grer l&rsquo;ENS Ulm. Mais l&rsquo;\u00e9nergie qu&rsquo;elle d\u00e9ploie chaque nuit, place de la R\u00e9publique, l&#8217;emp\u00eache de se concentrer sur ses \u00e9tudes.<\/p>\n<p>Quel joli titre ! <em>\u00c0 ma place<\/em> peut s&rsquo;entendre de plusieurs fa\u00e7ons &#8211; comme le titre du c\u00e9l\u00e8bre livre d&rsquo;Annie Ernaux, <em>La Place<\/em>, avant lui. Il peut d\u00e9signer la \u00ab\u00a0place\u00a0\u00bb assign\u00e9e \u00e0 Savannah par une soci\u00e9t\u00e9 qui lui refuse de sortir du rang ; il peut faire r\u00e9f\u00e9rence \u00e0 l&rsquo;espace public qu&rsquo;elle s&rsquo;approprie pour y faire entendre sa col\u00e8re et y faire germer l&rsquo;espoir d&rsquo;un monde plus doux ; mais il peut aussi questionner le spectateur : que feriez-vous \u00ab\u00a0\u00e0 la place\u00a0\u00bb de Savannah ?<\/p>\n<p>Ce titre l\u00e0 annonce un film bourdieusien &#8211; un auteur que Savannah v\u00e9n\u00e8re et dont elle esp\u00e8re int\u00e9grer l&rsquo;\u00e9cole dont il fut l&rsquo;\u00e9l\u00e8ve. On escompte qu&rsquo;il interroge le choix que Savannah doit faire : le militantisme ou les \u00e9tudes ? Et on imagine qu&rsquo;il se terminera sur les r\u00e9sultats du concours.<\/p>\n<p>Mais le documentaire, tr\u00e8s bref (une heure et quatre minutes seulement), trop peut-\u00eatre, prend une autre direction. Il commence par filmer \u00ab\u00a0Nuit debout\u00a0\u00bb &#8211; comme <a href=\"https:\/\/un-film-un-jour.com\/index.php\/2017\/10\/20\/lassemblee\/\"><em>L&rsquo;Assembl\u00e9e<\/em><\/a>, le documentaire de Mariana Otero sorti \u00e0 l&rsquo;automne 2017, l&rsquo;avait fait avant lui. Et il donne de cet immense happening populaire l&rsquo;image d&rsquo;une foule attentive et disciplin\u00e9e, d\u00e9sireuse de d\u00e9battre et de r\u00e9fl\u00e9chir ensemble, mais peinant \u00e0 s&rsquo;organiser : s&rsquo;il est beaucoup question des proc\u00e9dures, \u00e0 aucun moment on n&rsquo;entend ni ne comprend l&rsquo;objet concret de ces discours ou de ces votes.<br \/>\nIl suit Savannah dans les assembl\u00e9es mais aussi dans les manifestations o\u00f9 les violences polici\u00e8res dont elle est victime &#8211; elle re\u00e7oit un tir de <em>flashball<\/em> dans la fesse &#8211; la traumatisent.<\/p>\n<p>Puis, on apprend que Savannah a \u00e9t\u00e9 accept\u00e9e \u00e0 Normale Sup&rsquo;. On partage sa joie communicative &#8211; m\u00eame si on pointe un paradoxe chez cette rebelle n\u00e9e \u00e0 vouloir de toute force int\u00e9grer une institution qui symbolise jusqu&rsquo;\u00e0 la caricature l&rsquo;establishment honni. On est \u00e9mu lorsqu&rsquo;elle l&rsquo;annonce avec fiert\u00e9 \u00e0 son p\u00e8re, ch\u00f4meur et alcoolique, et \u00e0 sa m\u00e8re.<\/p>\n<p>Le documentaire aurait pu s&rsquo;arr\u00eater l\u00e0. Mais il compte un \u00e9pilogue. On retrouve Savannah en 2017, un an apr\u00e8s son int\u00e9gration. Elle est enceinte de cinq mois d&rsquo;une petite fille. Et elle confesse, face cam\u00e9ra, sa d\u00e9ception pour une \u00e9cole o\u00f9 elle n&rsquo;a pas trouv\u00e9 sa place, qui ne lui offre aucune perspective sinon une th\u00e8se en sociologie du genre ou du militantisme qu&rsquo;elle ne r\u00e9ussira pas \u00e0 financer. La mort dans l&rsquo;\u00e2me, elle a d\u00e9cid\u00e9 de quitter Normale Sup et de devenir professeure des \u00e9coles.<br \/>\nOn ne peut qu&rsquo;\u00eatre mortifi\u00e9 par une telle conclusion et regretter qu&rsquo;une jeune femme si pleine de vie, anim\u00e9e d&rsquo;une si juste col\u00e8re, n&rsquo;ait pas trouv\u00e9 sa \u00ab\u00a0place\u00a0\u00bb.<\/p>\n<p><a href=\"http:\/\/www.allocine.fr\/video\/player_gen_cmedia=19589659&amp;cfilm=283249.html\">La bande-annonce<\/a><\/p>\n","protected":false},"excerpt":{"rendered":"<p>Savannah a vingt-cinq ans. En avril 2016, la documentariste Jeanne Dressen la d\u00e9couvre sur la place de la R\u00e9publique, micro au poing, haranguant les foules, et s&rsquo;attache \u00e0 ses pas. La jeune femme est \u00e9tudiante en sociologie \u00e0 Saint-Quentin-en-Yvelines. Elle esp\u00e8re int\u00e9grer l&rsquo;ENS Ulm. Mais l&rsquo;\u00e9nergie qu&rsquo;elle d\u00e9ploie chaque nuit, place de la R\u00e9publique, l&#8217;emp\u00eache [&hellip;]<\/p>\n","protected":false},"author":1,"featured_media":0,"comment_status":"open","ping_status":"open","sticky":false,"template":"","format":"standard","meta":{"footnotes":""},"categories":[61,68],"tags":[],"class_list":["post-12594","post","type-post","status-publish","format-standard","hentry","category-films-sortis-en-2020","category-films-sortis-en-septembre-2020"],"_links":{"self":[{"href":"https:\/\/un-film-un-jour.com\/index.php\/wp-json\/wp\/v2\/posts\/12594","targetHints":{"allow":["GET"]}}],"collection":[{"href":"https:\/\/un-film-un-jour.com\/index.php\/wp-json\/wp\/v2\/posts"}],"about":[{"href":"https:\/\/un-film-un-jour.com\/index.php\/wp-json\/wp\/v2\/types\/post"}],"author":[{"embeddable":true,"href":"https:\/\/un-film-un-jour.com\/index.php\/wp-json\/wp\/v2\/users\/1"}],"replies":[{"embeddable":true,"href":"https:\/\/un-film-un-jour.com\/index.php\/wp-json\/wp\/v2\/comments?post=12594"}],"version-history":[{"count":6,"href":"https:\/\/un-film-un-jour.com\/index.php\/wp-json\/wp\/v2\/posts\/12594\/revisions"}],"predecessor-version":[{"id":13294,"href":"https:\/\/un-film-un-jour.com\/index.php\/wp-json\/wp\/v2\/posts\/12594\/revisions\/13294"}],"wp:attachment":[{"href":"https:\/\/un-film-un-jour.com\/index.php\/wp-json\/wp\/v2\/media?parent=12594"}],"wp:term":[{"taxonomy":"category","embeddable":true,"href":"https:\/\/un-film-un-jour.com\/index.php\/wp-json\/wp\/v2\/categories?post=12594"},{"taxonomy":"post_tag","embeddable":true,"href":"https:\/\/un-film-un-jour.com\/index.php\/wp-json\/wp\/v2\/tags?post=12594"}],"curies":[{"name":"wp","href":"https:\/\/api.w.org\/{rel}","templated":true}]}}