{"id":12900,"date":"2020-12-02T06:58:51","date_gmt":"2020-12-02T05:58:51","guid":{"rendered":"http:\/\/un-film-un-jour.com\/?p=12900"},"modified":"2020-12-02T08:37:13","modified_gmt":"2020-12-02T07:37:13","slug":"no-way","status":"publish","type":"post","link":"https:\/\/un-film-un-jour.com\/index.php\/2020\/12\/02\/no-way\/","title":{"rendered":"No Way \u2605\u2606\u2606\u2606"},"content":{"rendered":"<p><img loading=\"lazy\" decoding=\"async\" class=\"alignleft size-medium\" src=\"https:\/\/fr.web.img6.acsta.net\/r_1920_1080\/pictures\/20\/10\/06\/14\/33\/5203258.jpg\" width=\"317\" height=\"430\" \/>La quarantaine bien entam\u00e9e, Stijn \u00e9l\u00e8ve des moutons. Il peut compter sur le soutien de ses parents dont il a repris une partie des terres, de sa femme qui, dipl\u00f4m\u00e9e d&rsquo;une \u00e9cole d&rsquo;agriculture, tient la comptabilit\u00e9 et de ses deux enfants. Mais cela ne suffit pas \u00e0 faire face aux difficult\u00e9s qui s&rsquo;accumulent : les subventions se tarissent, les voisins qui lui refusent le droit de passage \u00e0 ses b\u00eates, la concurrence d&rsquo;exploitations plus grandes et plus m\u00e9canis\u00e9es qui n&rsquo;h\u00e9sitent pas \u00e0 aller chercher des bergers en Europe de l&rsquo;est&#8230;<\/p>\n<p>L&rsquo;an dernier, <a href=\"https:\/\/un-film-un-jour.com\/index.php\/2019\/09\/27\/au-nom-de-la-terre\/\"><em>Au nom de la terre<\/em><\/a>, avec Guillaume Canet, racontait avec force le combat d&rsquo;un agriculteur de Mayenne cribl\u00e9 de dettes. Il y a neuf mois, <a href=\"https:\/\/un-film-un-jour.com\/index.php\/2020\/02\/28\/cyrille-agriculteur-30-ans-20-vaches-du-lait-du-beurre-des-dettes\/\"><em>Cyrille, agriculteur, 30 ans, 20 vaches, du lait, du beurre, des dettes<\/em> <\/a>documentait la m\u00eame histoire cette fois-ci en Auvergne. <em>No way<\/em> nous fait franchir les fronti\u00e8res sur les traces d&rsquo;un cowboy anachronique dont on pressent d\u00e8s le d\u00e9but du documentaire que son destin sera le m\u00eame que celui de ses deux cousins fran\u00e7ais.<\/p>\n<p>Le r\u00e9alisateur Ton Van Zantvoort a voulu po\u00e9tiser le m\u00e9tier de berger en filmant le Brabant sous la brume. Ces plans, retravaill\u00e9s \u00e0 la palette graphique, sont sans doute tr\u00e8s beaux ; mais il n&rsquo;est pas s\u00fbr qu&rsquo;ils apportent grand-chose au propos. On aurait aim\u00e9 en revanche qu&rsquo;on nous explique avec plus de p\u00e9dagogie les difficult\u00e9s dans lesquelles Stijn et son exploitation se d\u00e9battent. On comprend qu&rsquo;elles proviennent notamment de la brutale perte d&rsquo;une subvention publique (vers\u00e9e pour l&rsquo;entretien des terres ?), soulevant la question de la viabilit\u00e9 d&rsquo;une activit\u00e9 incapable d&rsquo;\u00e9quilibrer ses recettes et ses charges.<\/p>\n<p>Bien s\u00fbr, on se prend de sympathie pour Stijn et pour sa petite famille. Mais cette empathie ne suffit pas \u00e0 pimenter un documentaire sur une situation d\u00e9j\u00e0 mieux d\u00e9crite par ailleurs.<\/p>\n<p><a href=\"https:\/\/www.allocine.fr\/video\/player_gen_cmedia=19590125&amp;cfilm=284810.html\">La bande-annonce<\/a><\/p>\n","protected":false},"excerpt":{"rendered":"<p>La quarantaine bien entam\u00e9e, Stijn \u00e9l\u00e8ve des moutons. Il peut compter sur le soutien de ses parents dont il a repris une partie des terres, de sa femme qui, dipl\u00f4m\u00e9e d&rsquo;une \u00e9cole d&rsquo;agriculture, tient la comptabilit\u00e9 et de ses deux enfants. Mais cela ne suffit pas \u00e0 faire face aux difficult\u00e9s qui s&rsquo;accumulent : les [&hellip;]<\/p>\n","protected":false},"author":1,"featured_media":0,"comment_status":"open","ping_status":"open","sticky":false,"template":"","format":"standard","meta":{"footnotes":""},"categories":[61,74],"tags":[],"class_list":["post-12900","post","type-post","status-publish","format-standard","hentry","category-films-sortis-en-2020","category-films-sortis-en-octobre-2020"],"_links":{"self":[{"href":"https:\/\/un-film-un-jour.com\/index.php\/wp-json\/wp\/v2\/posts\/12900","targetHints":{"allow":["GET"]}}],"collection":[{"href":"https:\/\/un-film-un-jour.com\/index.php\/wp-json\/wp\/v2\/posts"}],"about":[{"href":"https:\/\/un-film-un-jour.com\/index.php\/wp-json\/wp\/v2\/types\/post"}],"author":[{"embeddable":true,"href":"https:\/\/un-film-un-jour.com\/index.php\/wp-json\/wp\/v2\/users\/1"}],"replies":[{"embeddable":true,"href":"https:\/\/un-film-un-jour.com\/index.php\/wp-json\/wp\/v2\/comments?post=12900"}],"version-history":[{"count":7,"href":"https:\/\/un-film-un-jour.com\/index.php\/wp-json\/wp\/v2\/posts\/12900\/revisions"}],"predecessor-version":[{"id":13279,"href":"https:\/\/un-film-un-jour.com\/index.php\/wp-json\/wp\/v2\/posts\/12900\/revisions\/13279"}],"wp:attachment":[{"href":"https:\/\/un-film-un-jour.com\/index.php\/wp-json\/wp\/v2\/media?parent=12900"}],"wp:term":[{"taxonomy":"category","embeddable":true,"href":"https:\/\/un-film-un-jour.com\/index.php\/wp-json\/wp\/v2\/categories?post=12900"},{"taxonomy":"post_tag","embeddable":true,"href":"https:\/\/un-film-un-jour.com\/index.php\/wp-json\/wp\/v2\/tags?post=12900"}],"curies":[{"name":"wp","href":"https:\/\/api.w.org\/{rel}","templated":true}]}}