{"id":13799,"date":"2021-03-02T07:51:42","date_gmt":"2021-03-02T06:51:42","guid":{"rendered":"http:\/\/un-film-un-jour.com\/?p=13799"},"modified":"2021-03-02T08:01:36","modified_gmt":"2021-03-02T07:01:36","slug":"la-maladie-du-dimanche","status":"publish","type":"post","link":"https:\/\/un-film-un-jour.com\/index.php\/2021\/03\/02\/la-maladie-du-dimanche\/","title":{"rendered":"La Maladie du dimanche \u2605\u2605\u2605\u2606"},"content":{"rendered":"<p><img loading=\"lazy\" decoding=\"async\" class=\"alignleft size-medium\" src=\"http:\/\/es.web.img3.acsta.net\/r_1920_1080\/pictures\/17\/10\/19\/10\/28\/0885018.jpg\" width=\"317\" height=\"430\" \/>Anabel (Susi Sanchez) est une grande bourgeoise de la haute soci\u00e9t\u00e9 espagnole. Rien ne peut laisser imaginer qu&rsquo;elle a eu une jeunesse rebelle et qu&rsquo;elle a abandonn\u00e9 sa fille, Chiara (Barbara Lennie), qui la retrouve trente ans plus tard. Contre toute attente, Chiara ne lui demande pas d&rsquo;argent, mais du temps : passer dix jours avec elle dans sa maison natale, perdue au c\u0153ur des Pyr\u00e9n\u00e9es fran\u00e7aises. Anabel accepte, non sans r\u00e9ticence cet \u00e9trange contrat.<\/p>\n<p>Sortie d\u00e9but 2018 en Espagne, <em>La Enfermedad del Domingo<\/em> a remport\u00e9 le Grand prix du festival du film espagnol de Nantes. Il a valu \u00e0 Susi Sanchez le Goya &#8211; l&rsquo;\u00e9quivalent du C\u00e9sar &#8211; de la meilleure actrice. H\u00e9las, il n&rsquo;a jamais trouv\u00e9 le chemin des salles en France et est sorti directement sur Netflix.<\/p>\n<p>C&rsquo;est un film poignant sur un duo improbable : la blonde Anabel semble avoir r\u00e9ussi sa vie, \u00e0 force d&rsquo;ambition et de sacrifices, la brune Chiara a rat\u00e9 la sienne et le reconna\u00eet sans regrets. La cinquantaine bien sonn\u00e9e, Anabel entretient son corps avec application, s&rsquo;habille avec \u00e9l\u00e9gance. Les cheveux gras, la clope au bec, la flasque d&rsquo;alcool \u00e0 port\u00e9e de main, Chiara a renonc\u00e9 \u00e0 entretenir le sien qui se venge. Tout les s\u00e9pare sauf ce lien de filiation que la m\u00e8re a ni\u00e9 trente ans plus t\u00f4t par un geste dont on attend qu&rsquo;elle nous r\u00e9v\u00e8le la cause.<\/p>\n<p>Le film est construit sur un suspens. Que veut Chiara ? A-t-elle attir\u00e9 Anabel dans cette ferme pour se venger d&rsquo;elle, pour lui faire payer (par la torture ? par le meurtre ? par l&rsquo;obtention d&rsquo;un impossible pardon ?) le prix de l&rsquo;impardonnable abandon qui l&rsquo;a priv\u00e9 de sa m\u00e8re sans explication alors qu&rsquo;elle avait huit ans \u00e0 peine ?<\/p>\n<p>Le film est long. Trop long. Pr\u00e8s de deux heures. Il est peupl\u00e9 de silences, entrecoup\u00e9 d&rsquo;ellipses. Le r\u00e9alisateur Ramon Salazar a pris le parti radical de l&rsquo;hyper-stylisation. Il a donn\u00e9 \u00e0 son h\u00e9ro\u00efne la froideur glaciale des grandes h\u00e9ro\u00efnes hitchcockiennes. Sa fa\u00e7on de filmer les Pyr\u00e9n\u00e9es l&rsquo;hiver flirte avec le fantastique. La derni\u00e8re sc\u00e8ne du film, d&rsquo;une logique implacable, qu&rsquo;on a h\u00e9las sentie venir un peu trop t\u00f4t pour en \u00eatre surpris, ne s&rsquo;oublie pas facilement.<\/p>\n<p><a href=\"https:\/\/www.netflix.com\/title\/80131280\">La bande-annonce<\/a><\/p>\n","protected":false},"excerpt":{"rendered":"<p>Anabel (Susi Sanchez) est une grande bourgeoise de la haute soci\u00e9t\u00e9 espagnole. Rien ne peut laisser imaginer qu&rsquo;elle a eu une jeunesse rebelle et qu&rsquo;elle a abandonn\u00e9 sa fille, Chiara (Barbara Lennie), qui la retrouve trente ans plus tard. Contre toute attente, Chiara ne lui demande pas d&rsquo;argent, mais du temps : passer dix jours [&hellip;]<\/p>\n","protected":false},"author":1,"featured_media":0,"comment_status":"open","ping_status":"open","sticky":false,"template":"","format":"standard","meta":{"footnotes":""},"categories":[34,40,54],"tags":[],"class_list":["post-13799","post","type-post","status-publish","format-standard","hentry","category-films-sortis-en-2018","category-films-sortis-en-juin-2018","category-inedit-en-salles"],"_links":{"self":[{"href":"https:\/\/un-film-un-jour.com\/index.php\/wp-json\/wp\/v2\/posts\/13799","targetHints":{"allow":["GET"]}}],"collection":[{"href":"https:\/\/un-film-un-jour.com\/index.php\/wp-json\/wp\/v2\/posts"}],"about":[{"href":"https:\/\/un-film-un-jour.com\/index.php\/wp-json\/wp\/v2\/types\/post"}],"author":[{"embeddable":true,"href":"https:\/\/un-film-un-jour.com\/index.php\/wp-json\/wp\/v2\/users\/1"}],"replies":[{"embeddable":true,"href":"https:\/\/un-film-un-jour.com\/index.php\/wp-json\/wp\/v2\/comments?post=13799"}],"version-history":[{"count":4,"href":"https:\/\/un-film-un-jour.com\/index.php\/wp-json\/wp\/v2\/posts\/13799\/revisions"}],"predecessor-version":[{"id":13803,"href":"https:\/\/un-film-un-jour.com\/index.php\/wp-json\/wp\/v2\/posts\/13799\/revisions\/13803"}],"wp:attachment":[{"href":"https:\/\/un-film-un-jour.com\/index.php\/wp-json\/wp\/v2\/media?parent=13799"}],"wp:term":[{"taxonomy":"category","embeddable":true,"href":"https:\/\/un-film-un-jour.com\/index.php\/wp-json\/wp\/v2\/categories?post=13799"},{"taxonomy":"post_tag","embeddable":true,"href":"https:\/\/un-film-un-jour.com\/index.php\/wp-json\/wp\/v2\/tags?post=13799"}],"curies":[{"name":"wp","href":"https:\/\/api.w.org\/{rel}","templated":true}]}}