{"id":14277,"date":"2021-06-10T05:34:48","date_gmt":"2021-06-10T04:34:48","guid":{"rendered":"http:\/\/un-film-un-jour.com\/?p=14277"},"modified":"2021-06-10T07:22:03","modified_gmt":"2021-06-10T06:22:03","slug":"envole-moi","status":"publish","type":"post","link":"https:\/\/un-film-un-jour.com\/index.php\/2021\/06\/10\/envole-moi\/","title":{"rendered":"Envole-moi \u2605\u2606\u2606\u2606"},"content":{"rendered":"<p><img loading=\"lazy\" decoding=\"async\" class=\"alignleft size-medium\" src=\"https:\/\/fr.web.img6.acsta.net\/r_1920_1080\/pictures\/21\/04\/30\/15\/11\/1383089.jpg\" width=\"317\" height=\"430\" \/>Thomas (Victor Belmondo), vingt-six ans, est un jet-setteur inv\u00e9t\u00e9r\u00e9 qui a abandonn\u00e9 ses \u00e9tudes et passe ses nuits en bo\u00eete. Apr\u00e8s une \u00e9ni\u00e8me avanie (il a noy\u00e9 le coup\u00e9 BMW dans la piscine familiale), son p\u00e8re (G\u00e9rard Lanvin), chirurgien en p\u00e9diatrie, d\u00e9cide de le mettre au pied du mur : Thomas sera jet\u00e9 dehors s&rsquo;il n&rsquo;accepte pas de s&rsquo;occuper de Marcus (Yoann Eloundou), un jeune gar\u00e7on de douze ans affect\u00e9 d&rsquo;une grave malformation cardiaque. Entre les deux jeunes gens na\u00eetra une amiti\u00e9 improbable qui les fera m\u00fbrir tous les deux.<\/p>\n<p>Le pitch de <em>Envole-moi<\/em> vous fait fuir par son trop-plein de bien-pensance d\u00e9goulinante ? Fuyez-le ! C&rsquo;est ce que j&rsquo;aurais d\u00fb faire si ma curiosit\u00e9 maladive pour tout ce qui fait le cin\u00e9ma fran\u00e7ais et le mauvais temps qui s&rsquo;ent\u00eatait \u00e0 Paris durant le dernier week-end de mai ne m&rsquo;avaient pas conduit \u00e0 en pousser les portes. Pour autant, ai-je perdu mon temps ? Pas vraiment !<\/p>\n<p><em>Envole-moi<\/em> est construit sur le mod\u00e8le d\u00e9sormais brevet\u00e9 du bin\u00f4me de deux personnages unis pour le bien de l&rsquo;un au corps d\u00e9fendant de l&rsquo;autre. <em>Intouchables<\/em> en a d\u00e9pos\u00e9 le brevet et il est \u00e0 craindre qu&rsquo;il soit utilis\u00e9 jusqu&rsquo;\u00e0 la corde. <em>Envole-moi<\/em> en joue jusqu&rsquo;\u00e0 la caricature : Victor est blanc, Marcus est noir ; Victor est riche, Marcus est pauvre ; Victor est bien portant, Marcus est malade, etc.<\/p>\n<p>Comme il fallait le craindre, <em>Envole-moi <\/em>est un <em>feel good movie<\/em> qui ne recule devant aucun moyen pour nous arracher une larme. Comme dans le cochon, tout est bon pour y parvenir : le charme irr\u00e9sistible du petit-fils Belmondo, le courage \u00e9mouvant du jeune Yoann Eloundou (qui aurait, ceci \u00e9tant, \u00e9t\u00e9 plus \u00e9mouvant encore s&rsquo;il avait eu quatre ans de moins, des taches de rousseur et des couettes), le courage plus \u00e9mouvant encore de sa courageuse maman, m\u00e8re c\u00e9libataire d&rsquo;un enfant qu&rsquo;elle entoure d&rsquo;un amour infini, l&rsquo;amiti\u00e9 improbable et pourtant imm\u00e9diate qui na\u00eet entre les deux h\u00e9ros, la <em>bucket list<\/em> des v\u0153ux de Marcus que Thomas s&#8217;emploiera \u00e0 exaucer et qui constituera le fil rouge du film, etc.<\/p>\n<p>Quelle d\u00e9ception de la part d&rsquo;un r\u00e9alisateur comme Christophe Baratier dont le premier film, <em>Les Choristes<\/em>, en 2004, avait nourri tant d&rsquo;espoirs et qui, depuis maintenant quinze ans, ne cesse de les d\u00e9cevoir avec une belle constance ?<\/p>\n<p>On pourrait en rester l\u00e0 et attribuer \u00e0 ce film racoleur un z\u00e9ro point\u00e9. Pour autant, la v\u00e9rit\u00e9 oblige \u00e0 dire qu&rsquo;aussi racoleur et bien-pensant soit-il, <em>Envole-moi<\/em> m&rsquo;a arrach\u00e9 cette petite larme qu&rsquo;il s&#8217;emploie d\u00e9monstrativement \u00e0 nous faire couler. Des centaines de milliers de spectateurs sont all\u00e9s le voir, auront vers\u00e9 la leur et en garderont le souvenir d&rsquo;un film \u00e9mouvant. Qui sommes nous pour leur donner tort ?<\/p>\n<p><a href=\"https:\/\/www.allocine.fr\/video\/player_gen_cmedia=19589964&amp;cfilm=281050.html\">La bande-annonce<\/a><\/p>\n","protected":false},"excerpt":{"rendered":"<p>Thomas (Victor Belmondo), vingt-six ans, est un jet-setteur inv\u00e9t\u00e9r\u00e9 qui a abandonn\u00e9 ses \u00e9tudes et passe ses nuits en bo\u00eete. Apr\u00e8s une \u00e9ni\u00e8me avanie (il a noy\u00e9 le coup\u00e9 BMW dans la piscine familiale), son p\u00e8re (G\u00e9rard Lanvin), chirurgien en p\u00e9diatrie, d\u00e9cide de le mettre au pied du mur : Thomas sera jet\u00e9 dehors s&rsquo;il [&hellip;]<\/p>\n","protected":false},"author":1,"featured_media":0,"comment_status":"open","ping_status":"open","sticky":false,"template":"","format":"standard","meta":{"footnotes":""},"categories":[72,81],"tags":[],"class_list":["post-14277","post","type-post","status-publish","format-standard","hentry","category-films-sortis-en-2021","category-films-sortis-en-mai-2021"],"_links":{"self":[{"href":"https:\/\/un-film-un-jour.com\/index.php\/wp-json\/wp\/v2\/posts\/14277","targetHints":{"allow":["GET"]}}],"collection":[{"href":"https:\/\/un-film-un-jour.com\/index.php\/wp-json\/wp\/v2\/posts"}],"about":[{"href":"https:\/\/un-film-un-jour.com\/index.php\/wp-json\/wp\/v2\/types\/post"}],"author":[{"embeddable":true,"href":"https:\/\/un-film-un-jour.com\/index.php\/wp-json\/wp\/v2\/users\/1"}],"replies":[{"embeddable":true,"href":"https:\/\/un-film-un-jour.com\/index.php\/wp-json\/wp\/v2\/comments?post=14277"}],"version-history":[{"count":7,"href":"https:\/\/un-film-un-jour.com\/index.php\/wp-json\/wp\/v2\/posts\/14277\/revisions"}],"predecessor-version":[{"id":14571,"href":"https:\/\/un-film-un-jour.com\/index.php\/wp-json\/wp\/v2\/posts\/14277\/revisions\/14571"}],"wp:attachment":[{"href":"https:\/\/un-film-un-jour.com\/index.php\/wp-json\/wp\/v2\/media?parent=14277"}],"wp:term":[{"taxonomy":"category","embeddable":true,"href":"https:\/\/un-film-un-jour.com\/index.php\/wp-json\/wp\/v2\/categories?post=14277"},{"taxonomy":"post_tag","embeddable":true,"href":"https:\/\/un-film-un-jour.com\/index.php\/wp-json\/wp\/v2\/tags?post=14277"}],"curies":[{"name":"wp","href":"https:\/\/api.w.org\/{rel}","templated":true}]}}