{"id":14442,"date":"2021-05-26T08:51:40","date_gmt":"2021-05-26T07:51:40","guid":{"rendered":"http:\/\/un-film-un-jour.com\/?p=14442"},"modified":"2021-05-26T08:58:43","modified_gmt":"2021-05-26T07:58:43","slug":"si-le-vent-tombe","status":"publish","type":"post","link":"https:\/\/un-film-un-jour.com\/index.php\/2021\/05\/26\/si-le-vent-tombe\/","title":{"rendered":"Si le vent tombe \u2605\u2606\u2606\u2606"},"content":{"rendered":"<p><img loading=\"lazy\" decoding=\"async\" class=\"alignleft size-medium\" src=\"https:\/\/fr.web.img6.acsta.net\/r_1920_1080\/pictures\/20\/11\/25\/15\/47\/3693412.jpg\" width=\"317\" height=\"430\" \/>Alain Delage (Gr\u00e9goire Colin) est un Fran\u00e7ais, travaillant pour une compagnie d&rsquo;audit. Il a \u00e9t\u00e9 missionn\u00e9 au Haut-Karabakh, cette enclave arm\u00e9nienne en Azerba\u00efdjan, pour y autoriser la r\u00e9ouverture de l&rsquo;a\u00e9roport international de Stepanakert. Il d\u00e9barque dans un a\u00e9roport fant\u00f4me, trop proche de la ligne de cessez-le-feu pour qu&rsquo;aucun avion ne prenne le risque d&rsquo;y atterrir, et suscite chez ses h\u00f4tes l&rsquo;immense espoir d&rsquo;un avis positif qui desserrerait l&rsquo;\u00e9tau qui les broie.<\/p>\n<p>Le premier film de Nora Martirosyan, qui sort enfin en salles apr\u00e8s bien des rebondissements, veut nous faire toucher du doigt une r\u00e9alit\u00e9 g\u00e9opolitique fascinante : celle du Haut-Karabakh, un territoire grand comme deux d\u00e9partements fran\u00e7ais seulement, dont le tiers de sa population d&rsquo;\u00e0 peine 150.000 habitants vit dans sa capitale, Stepanakert. Cette enclave arm\u00e9nienne en Azerba\u00efdjan est, depuis la chute de l&rsquo;URSS, un sujet de tension entre Bakou et Erevan. Une premi\u00e8re guerre s&rsquo;y d\u00e9roula entre 1988 et 1994 aboutissant \u00e0 un cessez-le-feu fragile. Une seconde \u00e9clata l&rsquo;automne dernier qui se solda par la victoire des forces az\u00e9ries, avec le soutien de la Turquie, et l&rsquo;annexion des deux tiers de\u00a0 l&rsquo;enclave.<\/p>\n<p>C&rsquo;est ce contexte tr\u00e8s lourd que raconte <em>Si le vent tombe<\/em>. Nora Martirosyan aurait pu choisir la voie du documentaire. Elle lui pr\u00e9f\u00e8re celle de la fiction. Elle filme un lieu fantomatique : un a\u00e9roport sans avions. Son h\u00e9ros est un Fran\u00e7ais sans pass\u00e9 qui d\u00e9couvre, sans a priori, la situation d&rsquo;un territoire qu&rsquo;il n&rsquo;imaginait pas. Plusieurs Arm\u00e9niens croisent sa route : le directeur de l&rsquo;a\u00e9roport qui essaie patiemment de lui expliquer le contexte, un jeune porteur d&rsquo;eau en guenilles qui tra\u00eene sur les pistes, un ancien combattant, une jolie journaliste (dont l&rsquo;idylle cousue de fil blanc avec le h\u00e9ros nous est de justesse \u00e9pargn\u00e9e)&#8230;<\/p>\n<p><em>Si le vent tombe<\/em> nous fait d\u00e9couvrir une r\u00e9alit\u00e9 g\u00e9opolitique passionnante et m\u00e9connue ; mais l&rsquo;histoire qu&rsquo;il raconte, aussi int\u00e9ressant qu&rsquo;en soit le pitch, manque trop de chair pour satisfaire les attentes que le r\u00e9sum\u00e9 de ce film avait suscit\u00e9es.<\/p>\n<p><a href=\"https:\/\/www.allocine.fr\/video\/player_gen_cmedia=19590267&amp;cfilm=267319.html\">La bande-annonce<\/a><\/p>\n","protected":false},"excerpt":{"rendered":"<p>Alain Delage (Gr\u00e9goire Colin) est un Fran\u00e7ais, travaillant pour une compagnie d&rsquo;audit. Il a \u00e9t\u00e9 missionn\u00e9 au Haut-Karabakh, cette enclave arm\u00e9nienne en Azerba\u00efdjan, pour y autoriser la r\u00e9ouverture de l&rsquo;a\u00e9roport international de Stepanakert. Il d\u00e9barque dans un a\u00e9roport fant\u00f4me, trop proche de la ligne de cessez-le-feu pour qu&rsquo;aucun avion ne prenne le risque d&rsquo;y atterrir, [&hellip;]<\/p>\n","protected":false},"author":1,"featured_media":0,"comment_status":"open","ping_status":"open","sticky":false,"template":"","format":"standard","meta":{"footnotes":""},"categories":[72,81],"tags":[],"class_list":["post-14442","post","type-post","status-publish","format-standard","hentry","category-films-sortis-en-2021","category-films-sortis-en-mai-2021"],"_links":{"self":[{"href":"https:\/\/un-film-un-jour.com\/index.php\/wp-json\/wp\/v2\/posts\/14442","targetHints":{"allow":["GET"]}}],"collection":[{"href":"https:\/\/un-film-un-jour.com\/index.php\/wp-json\/wp\/v2\/posts"}],"about":[{"href":"https:\/\/un-film-un-jour.com\/index.php\/wp-json\/wp\/v2\/types\/post"}],"author":[{"embeddable":true,"href":"https:\/\/un-film-un-jour.com\/index.php\/wp-json\/wp\/v2\/users\/1"}],"replies":[{"embeddable":true,"href":"https:\/\/un-film-un-jour.com\/index.php\/wp-json\/wp\/v2\/comments?post=14442"}],"version-history":[{"count":5,"href":"https:\/\/un-film-un-jour.com\/index.php\/wp-json\/wp\/v2\/posts\/14442\/revisions"}],"predecessor-version":[{"id":14447,"href":"https:\/\/un-film-un-jour.com\/index.php\/wp-json\/wp\/v2\/posts\/14442\/revisions\/14447"}],"wp:attachment":[{"href":"https:\/\/un-film-un-jour.com\/index.php\/wp-json\/wp\/v2\/media?parent=14442"}],"wp:term":[{"taxonomy":"category","embeddable":true,"href":"https:\/\/un-film-un-jour.com\/index.php\/wp-json\/wp\/v2\/categories?post=14442"},{"taxonomy":"post_tag","embeddable":true,"href":"https:\/\/un-film-un-jour.com\/index.php\/wp-json\/wp\/v2\/tags?post=14442"}],"curies":[{"name":"wp","href":"https:\/\/api.w.org\/{rel}","templated":true}]}}