{"id":14779,"date":"2021-07-11T07:16:23","date_gmt":"2021-07-11T06:16:23","guid":{"rendered":"http:\/\/un-film-un-jour.com\/?p=14779"},"modified":"2021-07-11T07:47:22","modified_gmt":"2021-07-11T06:47:22","slug":"une-histoire-a-soi","status":"publish","type":"post","link":"https:\/\/un-film-un-jour.com\/index.php\/2021\/07\/11\/une-histoire-a-soi\/","title":{"rendered":"Une histoire \u00e0 soi \u2605\u2605\u2606\u2606"},"content":{"rendered":"<p><img loading=\"lazy\" decoding=\"async\" class=\"alignleft size-medium\" src=\"https:\/\/fr.web.img4.acsta.net\/r_1920_1080\/pictures\/21\/05\/17\/10\/10\/3490545.jpg\" width=\"317\" height=\"430\" \/><em>Une histoire \u00e0 soi<\/em> est un documentaire consacr\u00e9 \u00e0 l&rsquo;adoption internationale. La r\u00e9alisatrice Amandine Gay, apr\u00e8s un appel \u00e0 contributions, a rencontr\u00e9 pr\u00e8s d&rsquo;une centaine d&rsquo;enfants adopt\u00e9s et a \u00e9cout\u00e9 leurs histoires de vies. Elle s&rsquo;est focalis\u00e9e sur cinq d&rsquo;entre eux, qui disposaient de suffisamment d&rsquo;archives pour illustrer leur discours : Anne-Charlotte, Joohee, C\u00e9line, Niyongira, Mathieu, respectivement originaires d&rsquo;Australie, de Cor\u00e9e du Sud, du Sri Lanka, du Rwanda et du Br\u00e9sil.<\/p>\n<p>Documentariste engag\u00e9e, afro-f\u00e9ministe et LGBT, Amandine Gay avait r\u00e9alis\u00e9 en 2017 <a href=\"https:\/\/un-film-un-jour.com\/index.php\/2017\/10\/22\/ouvrir-la-voix\/\"><em>Ouvrir la voix<\/em><\/a>, portrait kal\u00e9idoscopique de vingt-quatre femmes noires racontant face cam\u00e9ra les discriminations racistes et sexistes dont elles sont victimes. Son second documentaire est aussi intelligent que le premier. Il emprunte une forme diff\u00e9rente : aux interviews face cam\u00e9ra, Amandine Gay pr\u00e9f\u00e8re utiliser le fonds d&rsquo;archives tr\u00e8s riche que chacun des t\u00e9moins a conserv\u00e9 de son enfance.<\/p>\n<p>Le titre de ce documentaire a des accents woolfiens. <em>Une histoire \u00e0 soi<\/em> renvoie \u00e0 <em>Une chambre \u00e0 soi<\/em>, le c\u00e9l\u00e8bre essai de l&rsquo;\u00e9crivaine anglaise qui d\u00e9crivait les conditions mat\u00e9rielles indispensables \u00e0 l&rsquo;\u00e9mancipation f\u00e9minine. Dans le jargon\u00a0 franglais contemporain, on parle d\u00e9sormais d&rsquo;agentivit\u00e9 : la capacit\u00e9 pour un \u00eatre \u00e0 devenir l&rsquo;agent, le responsable de sa propre vie.<\/p>\n<p>Ce que pointe <em>Une histoire \u00e0 soi<\/em> est pr\u00e9cis\u00e9ment le d\u00e9ni d&rsquo;une telle agentivit\u00e9 aux enfants adopt\u00e9s. L&rsquo;adoption internationale les pr\u00e9sente comme des enfants \u00ab\u00a0sauv\u00e9s\u00a0\u00bb, sauv\u00e9s d&rsquo;un destin mis\u00e9rable dans un pays du Tiers monde en proie \u00e0 la guerre et\/ou \u00e0 la famine, sauv\u00e9s par des familles d&rsquo;adoption bienveillantes qui leur ont offert amour et confort. Dans une d\u00e9marche qui n&rsquo;est pas exempte de parti pris, <em>Une histoire \u00e0 soi<\/em> veut montrer le traumatisme que\u00a0 cette adoption provoque chez un enfant, souvent tr\u00e8s jeune, coup\u00e9 de ses racines, oblig\u00e9 sa vie durant, \u00e0 vivre \u00ab\u00a0le cul entre deux chaises\u00a0\u00bb, entre sa famille d&rsquo;adoption et sa famille biologique, entre son identit\u00e9 fran\u00e7aise et une autre identit\u00e9 souvent stigmatis\u00e9e.<\/p>\n<p>Les cinq enfants adopt\u00e9s qui t\u00e9moignent ont tous entrepris une d\u00e9marche pour retrouver leurs origines. On les suit dans les voyages qu&rsquo;ils ont entrepris dans leur pays de naissance, y renouant avec une immense \u00e9motion les liens avec leurs familles biologiques. On en d\u00e9duit, \u00e0 tort ou \u00e0 raison, que cette qu\u00eate des origines est tr\u00e8s fr\u00e9quente sinon omnipr\u00e9sente chez les enfants adopt\u00e9s. Elle s&rsquo;effectue le plus souvent avec l&rsquo;accord des familles d&rsquo;adoption, m\u00eame si elle suscite chez celles-ci des r\u00e9ticences bien compr\u00e9hensibles &#8211; c&rsquo;est notamment le cas semble-t-il chez les parents de Anne-Charlotte.<\/p>\n<p>On voit mal que quiconque s&rsquo;int\u00e9resse \u00e0 l&rsquo;adoption internationale (enfants adopt\u00e9s, familles adoptantes, associations&#8230;.) ne soit pas encourag\u00e9 \u00e0 le visionner, ce qui promet \u00e0 <em>Une histoire \u00e0 soi<\/em> un bel avenir en VOD.<\/p>\n<p><a href=\"https:\/\/www.allocine.fr\/video\/player_gen_cmedia=19592263&amp;cfilm=280868.html\">La bande-annonce<\/a><\/p>\n","protected":false},"excerpt":{"rendered":"<p>Une histoire \u00e0 soi est un documentaire consacr\u00e9 \u00e0 l&rsquo;adoption internationale. La r\u00e9alisatrice Amandine Gay, apr\u00e8s un appel \u00e0 contributions, a rencontr\u00e9 pr\u00e8s d&rsquo;une centaine d&rsquo;enfants adopt\u00e9s et a \u00e9cout\u00e9 leurs histoires de vies. Elle s&rsquo;est focalis\u00e9e sur cinq d&rsquo;entre eux, qui disposaient de suffisamment d&rsquo;archives pour illustrer leur discours : Anne-Charlotte, Joohee, C\u00e9line, Niyongira, [&hellip;]<\/p>\n","protected":false},"author":1,"featured_media":0,"comment_status":"open","ping_status":"open","sticky":false,"template":"","format":"standard","meta":{"footnotes":""},"categories":[72,80],"tags":[],"class_list":["post-14779","post","type-post","status-publish","format-standard","hentry","category-films-sortis-en-2021","category-films-sortis-en-juin-2021"],"_links":{"self":[{"href":"https:\/\/un-film-un-jour.com\/index.php\/wp-json\/wp\/v2\/posts\/14779","targetHints":{"allow":["GET"]}}],"collection":[{"href":"https:\/\/un-film-un-jour.com\/index.php\/wp-json\/wp\/v2\/posts"}],"about":[{"href":"https:\/\/un-film-un-jour.com\/index.php\/wp-json\/wp\/v2\/types\/post"}],"author":[{"embeddable":true,"href":"https:\/\/un-film-un-jour.com\/index.php\/wp-json\/wp\/v2\/users\/1"}],"replies":[{"embeddable":true,"href":"https:\/\/un-film-un-jour.com\/index.php\/wp-json\/wp\/v2\/comments?post=14779"}],"version-history":[{"count":5,"href":"https:\/\/un-film-un-jour.com\/index.php\/wp-json\/wp\/v2\/posts\/14779\/revisions"}],"predecessor-version":[{"id":14827,"href":"https:\/\/un-film-un-jour.com\/index.php\/wp-json\/wp\/v2\/posts\/14779\/revisions\/14827"}],"wp:attachment":[{"href":"https:\/\/un-film-un-jour.com\/index.php\/wp-json\/wp\/v2\/media?parent=14779"}],"wp:term":[{"taxonomy":"category","embeddable":true,"href":"https:\/\/un-film-un-jour.com\/index.php\/wp-json\/wp\/v2\/categories?post=14779"},{"taxonomy":"post_tag","embeddable":true,"href":"https:\/\/un-film-un-jour.com\/index.php\/wp-json\/wp\/v2\/tags?post=14779"}],"curies":[{"name":"wp","href":"https:\/\/api.w.org\/{rel}","templated":true}]}}