{"id":15066,"date":"2021-09-02T07:32:17","date_gmt":"2021-09-02T06:32:17","guid":{"rendered":"http:\/\/un-film-un-jour.com\/?p=15066"},"modified":"2021-09-02T07:40:57","modified_gmt":"2021-09-02T06:40:57","slug":"petites-danseuses","status":"publish","type":"post","link":"https:\/\/un-film-un-jour.com\/index.php\/2021\/09\/02\/petites-danseuses\/","title":{"rendered":"Petites danseuses \u2605\u2605\u2606\u2606"},"content":{"rendered":"<p><img loading=\"lazy\" decoding=\"async\" class=\"alignleft size-medium\" src=\"https:\/\/fr.web.img2.acsta.net\/r_1920_1080\/pictures\/20\/10\/01\/12\/06\/0124671.jpg\" width=\"317\" height=\"430\" \/>La cam\u00e9ra empathique d&rsquo;Anne-Claire Dolivet filme pendant une ann\u00e9e une troupe de fillettes qui suivent les cours d&rsquo;un atelier de danse dans le dix-huiti\u00e8me arrondissement parisien. Elle s&rsquo;attache \u00e0 quatre d&rsquo;entre elles, Jeanne, la plus jeune, six ans \u00e0 peine, Olympe, la plus espi\u00e8gle, Ida, la plus dou\u00e9e et Marie, la plus h\u00e9sitante.<\/p>\n<p>Le sujet de ce documentaire peut inspirer quelques pr\u00e9ventions. On pourrait craindre qu&rsquo;il ait \u00e9t\u00e9 paresseusement choisi pour attirer le public captif de toutes ces petites filles qui r\u00eavent de devenir \u00e9toiles de l&rsquo;Op\u00e9ra et de leurs m\u00e8res qui projettent sur elles leurs r\u00eaves inaboutis.<\/p>\n<p>Et sa premi\u00e8re moiti\u00e9 corrobore ces craintes. Sans grande originalit\u00e9, on assiste \u00e0 quelques le\u00e7ons o\u00f9 l&rsquo;on voit \u00e9voluer ces enfants minuscules qui essaient de se plier \u00e0 l&rsquo;implacable discipline de la barre sous la f\u00e9rule d&rsquo;une professeure exigeante mais juste ; on suit ces jeunes filles, chez elles, o\u00f9 on imagine volontiers que la r\u00e9alisatrice a eu l&rsquo;autorisation de tourner en obtenant l&rsquo;accord de parents d&rsquo;abord r\u00e9ticents \u00e0 d\u00e9voiler leur intimit\u00e9.<\/p>\n<p>Mais lentement, le documentaire prend de l&rsquo;int\u00e9r\u00eat. Derri\u00e8re des images gentillettes de fillettes en tutu qui s&rsquo;essaient aux entrechats, on d\u00e9couvre une \u00e9tonnante palette de sentiments : leur passion pour la danse, leur r\u00eave \u00e0 la fois inaccessible et admirablement ambitieux d&rsquo;en faire leur m\u00e9tier, leur concentration, la peur qui les prend aux tripes &#8211; et qu&rsquo;elle nous communique &#8211; \u00e0 l&rsquo;approche des concours, leur douleur physique quand elles se blessent, leur joie ineffable quand elles d\u00e9crochent enfin une m\u00e9daille.<\/p>\n<p>Je me suis surpris \u00e0 m&rsquo;\u00e9mouvoir alors que rien a priori, dans cette palette de sentiments-l\u00e0 n&rsquo;aurait d\u00fb me toucher : je n&rsquo;ai pas fait des pointes enfant et n&rsquo;ai pas de petite fille h\u00e9las \u00e0 accompagner \u00e0 son cours de danse. Et j&rsquo;imagine alors l&rsquo;\u00e9motion que doit ressentir la petite spectatrice de six ans assise au bout de ma rang\u00e9e et sa maman qui la couve.<\/p>\n<p><a href=\"https:\/\/www.allocine.fr\/video\/player_gen_cmedia=19586765&amp;cfilm=263801.html\">La bande-annonce<\/a><\/p>\n","protected":false},"excerpt":{"rendered":"<p>La cam\u00e9ra empathique d&rsquo;Anne-Claire Dolivet filme pendant une ann\u00e9e une troupe de fillettes qui suivent les cours d&rsquo;un atelier de danse dans le dix-huiti\u00e8me arrondissement parisien. Elle s&rsquo;attache \u00e0 quatre d&rsquo;entre elles, Jeanne, la plus jeune, six ans \u00e0 peine, Olympe, la plus espi\u00e8gle, Ida, la plus dou\u00e9e et Marie, la plus h\u00e9sitante. Le sujet [&hellip;]<\/p>\n","protected":false},"author":1,"featured_media":0,"comment_status":"open","ping_status":"open","sticky":false,"template":"","format":"standard","meta":{"footnotes":""},"categories":[72,84],"tags":[],"class_list":["post-15066","post","type-post","status-publish","format-standard","hentry","category-films-sortis-en-2021","category-films-sortis-en-aout-2021"],"_links":{"self":[{"href":"https:\/\/un-film-un-jour.com\/index.php\/wp-json\/wp\/v2\/posts\/15066","targetHints":{"allow":["GET"]}}],"collection":[{"href":"https:\/\/un-film-un-jour.com\/index.php\/wp-json\/wp\/v2\/posts"}],"about":[{"href":"https:\/\/un-film-un-jour.com\/index.php\/wp-json\/wp\/v2\/types\/post"}],"author":[{"embeddable":true,"href":"https:\/\/un-film-un-jour.com\/index.php\/wp-json\/wp\/v2\/users\/1"}],"replies":[{"embeddable":true,"href":"https:\/\/un-film-un-jour.com\/index.php\/wp-json\/wp\/v2\/comments?post=15066"}],"version-history":[{"count":4,"href":"https:\/\/un-film-un-jour.com\/index.php\/wp-json\/wp\/v2\/posts\/15066\/revisions"}],"predecessor-version":[{"id":15076,"href":"https:\/\/un-film-un-jour.com\/index.php\/wp-json\/wp\/v2\/posts\/15066\/revisions\/15076"}],"wp:attachment":[{"href":"https:\/\/un-film-un-jour.com\/index.php\/wp-json\/wp\/v2\/media?parent=15066"}],"wp:term":[{"taxonomy":"category","embeddable":true,"href":"https:\/\/un-film-un-jour.com\/index.php\/wp-json\/wp\/v2\/categories?post=15066"},{"taxonomy":"post_tag","embeddable":true,"href":"https:\/\/un-film-un-jour.com\/index.php\/wp-json\/wp\/v2\/tags?post=15066"}],"curies":[{"name":"wp","href":"https:\/\/api.w.org\/{rel}","templated":true}]}}