{"id":15192,"date":"2021-09-21T08:29:35","date_gmt":"2021-09-21T07:29:35","guid":{"rendered":"http:\/\/un-film-un-jour.com\/?p=15192"},"modified":"2021-09-21T12:02:29","modified_gmt":"2021-09-21T11:02:29","slug":"laffaire-collective","status":"publish","type":"post","link":"https:\/\/un-film-un-jour.com\/index.php\/2021\/09\/21\/laffaire-collective\/","title":{"rendered":"L&rsquo;Affaire collective \u2605\u2605\u2605\u2606"},"content":{"rendered":"<p><img loading=\"lazy\" decoding=\"async\" class=\"alignleft size-medium\" src=\"https:\/\/fr.web.img6.acsta.net\/r_1920_1080\/pictures\/21\/04\/12\/10\/03\/3158346.jpg\" width=\"317\" height=\"430\" \/>Un incendie dans une discoth\u00e8que de Bucarest, le club Colectiv, a tu\u00e9 vingt-six personnes en octobre 2015. Plus grave encore : dans les jours et les semaines qui suivirent, pas moins de trente-huit personnes moururent des suites de cet incendie par la faute, pour beaucoup, de la mauvaise qualit\u00e9 des soins qui leur furent prodigu\u00e9s \u00e0 l&rsquo;h\u00f4pital.<\/p>\n<p><em>L&rsquo;Affaire collective<\/em> a deux h\u00e9ros &#8211; et deux sujets &#8211; au risque de l&rsquo;\u00e9parpillement.<\/p>\n<p>Dans la premi\u00e8re partie du film, la cam\u00e9ra suit les pas de Catalin Tolontan et de ses coll\u00e8gues de <em>Gazeta Spoturilor<\/em> (un journal sportif !) qui m\u00e8nent l&rsquo;enqu\u00eate non tant autour de l&rsquo;incendie proprement dit que sur les conditions d\u00e9testables d&rsquo;hospitalisation des victimes et partant, l&rsquo;\u00e9tat de d\u00e9r\u00e9liction du syst\u00e8me de sant\u00e9 roumain. Gr\u00e2ce \u00e0 quelques lanceurs d&rsquo;alerte &#8211; une docteure, deux comptables courageuses d&rsquo;un h\u00f4pital &#8211; ils mettent \u00e0 jour un syst\u00e8me de corruption g\u00e9n\u00e9ralis\u00e9e : une entreprise pharmaceutique v\u00e9reuse surfacturait des biocides hyper-dilu\u00e9s et inefficaces \u00e0 des directeurs d&rsquo;h\u00f4pitaux qu&rsquo;elle corrompait par des pots-de-vin. Gr\u00e2ce aux r\u00e9v\u00e9lations de Tolontan, le directeur de cet entreprise va \u00eatre mis en examen avant de d\u00e9c\u00e9der dans des circonstances obscures.<\/p>\n<p><em>L&rsquo;Affaire collective<\/em> abandonne h\u00e9las ce fil pour s&rsquo;int\u00e9resser \u00e0 un autre qui se r\u00e9v\u00e8le vite autant sinon plus fascinant. Elle filme le nouveau ministre de la sant\u00e9 qui prend ses fonctions en mai 2016 apr\u00e8s la d\u00e9mission fracassante du cabinet Ponta. Ses premiers pas n&rsquo;augurent rien de bon. \u00c2g\u00e9 de trente-deux ans \u00e0 peine, le jeune Vlad Voiculescu semble bien inexp\u00e9riment\u00e9 pour faire face au d\u00e9fi qu&rsquo;il doit relever : assainir un syst\u00e8me de sant\u00e9 corrompu jusqu&rsquo;\u00e0 la mo\u00eblle. L&rsquo;ancien activiste doit concilier \u00e9thique de responsabilit\u00e9 (il est le ministre d&rsquo;un gouvernement qui doit des comptes aux Roumains) et \u00e9thique de conviction (il ne peut qu&rsquo;\u00eatre r\u00e9vuls\u00e9 par l&rsquo;ampleur de la corruption que le scandale Colectiv a r\u00e9v\u00e9l\u00e9 et qu&rsquo;il r\u00e9pugne \u00e0 couvrir). On le voit, entour\u00e9 de ses plus proches conseillers, dans la pr\u00e9paration fi\u00e9vreuse d&rsquo;une conf\u00e9rence de presse o\u00f9 il lui faudra tenir une ligne de cr\u00eate impossible.<\/p>\n<p>Le documentaire immerg\u00e9 d&rsquo;Alexander Nanau, le r\u00e9alisateur inspir\u00e9 de <a href=\"https:\/\/un-film-un-jour.com\/index.php\/2016\/01\/16\/toto-et-ses-soeurs\/\"><em>Toto et ses s\u0153urs<\/em><\/a> et le directeur de la photographie de <a href=\"https:\/\/un-film-un-jour.com\/index.php\/2016\/01\/16\/toto-et-ses-soeurs\/\"><em>Nothingwood<\/em><\/a>, se regarde comme un thriller passionnant. Les sc\u00e8nes qu&rsquo;il a r\u00e9ussi \u00e0 filmer sont si haletantes qu&rsquo;on s&rsquo;y prend \u00e0 deux fois pour v\u00e9rifier dans le dossier de presse qu&rsquo;il ne s&rsquo;agit pas d&rsquo;une fiction reconstitu\u00e9e ni d&rsquo;un faux vrai documentaire mais bien d&rsquo;images tourn\u00e9es sur le vif.<\/p>\n<p><a href=\"https:\/\/www.allocine.fr\/video\/player_gen_cmedia=19591872&amp;cfilm=274069.html\">La bande-annonce<\/a><\/p>\n","protected":false},"excerpt":{"rendered":"<p>Un incendie dans une discoth\u00e8que de Bucarest, le club Colectiv, a tu\u00e9 vingt-six personnes en octobre 2015. Plus grave encore : dans les jours et les semaines qui suivirent, pas moins de trente-huit personnes moururent des suites de cet incendie par la faute, pour beaucoup, de la mauvaise qualit\u00e9 des soins qui leur furent prodigu\u00e9s [&hellip;]<\/p>\n","protected":false},"author":1,"featured_media":0,"comment_status":"open","ping_status":"open","sticky":false,"template":"","format":"standard","meta":{"footnotes":""},"categories":[72,82],"tags":[],"class_list":["post-15192","post","type-post","status-publish","format-standard","hentry","category-films-sortis-en-2021","category-films-sortis-en-septembre-2021"],"_links":{"self":[{"href":"https:\/\/un-film-un-jour.com\/index.php\/wp-json\/wp\/v2\/posts\/15192","targetHints":{"allow":["GET"]}}],"collection":[{"href":"https:\/\/un-film-un-jour.com\/index.php\/wp-json\/wp\/v2\/posts"}],"about":[{"href":"https:\/\/un-film-un-jour.com\/index.php\/wp-json\/wp\/v2\/types\/post"}],"author":[{"embeddable":true,"href":"https:\/\/un-film-un-jour.com\/index.php\/wp-json\/wp\/v2\/users\/1"}],"replies":[{"embeddable":true,"href":"https:\/\/un-film-un-jour.com\/index.php\/wp-json\/wp\/v2\/comments?post=15192"}],"version-history":[{"count":5,"href":"https:\/\/un-film-un-jour.com\/index.php\/wp-json\/wp\/v2\/posts\/15192\/revisions"}],"predecessor-version":[{"id":15205,"href":"https:\/\/un-film-un-jour.com\/index.php\/wp-json\/wp\/v2\/posts\/15192\/revisions\/15205"}],"wp:attachment":[{"href":"https:\/\/un-film-un-jour.com\/index.php\/wp-json\/wp\/v2\/media?parent=15192"}],"wp:term":[{"taxonomy":"category","embeddable":true,"href":"https:\/\/un-film-un-jour.com\/index.php\/wp-json\/wp\/v2\/categories?post=15192"},{"taxonomy":"post_tag","embeddable":true,"href":"https:\/\/un-film-un-jour.com\/index.php\/wp-json\/wp\/v2\/tags?post=15192"}],"curies":[{"name":"wp","href":"https:\/\/api.w.org\/{rel}","templated":true}]}}