{"id":15393,"date":"2021-10-24T05:19:06","date_gmt":"2021-10-24T04:19:06","guid":{"rendered":"http:\/\/un-film-un-jour.com\/?p=15393"},"modified":"2021-10-24T06:21:53","modified_gmt":"2021-10-24T05:21:53","slug":"debout-les-femmes","status":"publish","type":"post","link":"https:\/\/un-film-un-jour.com\/index.php\/2021\/10\/24\/debout-les-femmes\/","title":{"rendered":"Debout les femmes ! \u2605\u2605\u2605\u2606"},"content":{"rendered":"<p><img loading=\"lazy\" decoding=\"async\" class=\"alignleft size-medium\" src=\"https:\/\/fr.web.img5.acsta.net\/r_1920_1080\/pictures\/21\/08\/31\/17\/37\/5343829.jpg\" width=\"317\" height=\"430\" \/>D\u00e9but 2020, Fran\u00e7ois Ruffin, d\u00e9put\u00e9 de La France insoumise, se voit confier par l&rsquo;Assembl\u00e9e nationale une mission d&rsquo;\u00e9tudes sur les m\u00e9tiers du lien. Ces m\u00e9tiers d\u00e9valoris\u00e9s et mal reconnus sont presque toujours exerc\u00e9s par des femmes qui s&rsquo;occupent de personnes \u00e2g\u00e9es d\u00e9pendantes ou d&rsquo;enfants handicap\u00e9s.<br \/>\nComme l&rsquo;usage le veut, la mission est bic\u00e9phale : un d\u00e9put\u00e9 d&rsquo;opposition + un d\u00e9put\u00e9 de la majorit\u00e9. On met dans les pattes du d\u00e9put\u00e9 LFI un \u00e9lu En marche, Bruno Bonnell, ancien chef d&rsquo;entreprise et chantre d&rsquo;un capitalisme contre lequel Ruffin s&rsquo;est toujours battu. Entre les deux hommes pourtant, malgr\u00e9 les diff\u00e9rences id\u00e9ologiques et la crise du Covid qui ralentira leurs travaux, na\u00eetra une complicit\u00e9 inattendue pour la d\u00e9fense des plus d\u00e9favoris\u00e9es.<\/p>\n<p>Fran\u00e7ois Ruffin est d\u00e9sormais devenu une personnalit\u00e9 reconnue. Il ne l&rsquo;a pas toujours \u00e9t\u00e9. Au d\u00e9but \u00e9tait une lettre d&rsquo;information, <em>Fakir<\/em>, au ton volontiers provocateur mais au tirage confidentiel. La c\u00e9l\u00e9brit\u00e9 est arriv\u00e9e avec un documentaire d\u00e9sopilant <a href=\"https:\/\/un-film-un-jour.com\/index.php\/2016\/03\/05\/merci-patron-2\/\"><em>Merci patron !<\/em><\/a>, C\u00e9sar du meilleur documentaire 2017, et avec son \u00e9lection-surprise \u00e0 l&rsquo;Assembl\u00e9e nationale. Un an apr\u00e8s <a href=\"https:\/\/un-film-un-jour.com\/index.php\/2019\/04\/16\/jveux-du-soleil\/\"><em>J&rsquo;veux du soleil<\/em><\/a>, road-movie au pays des Gilets jaunes, Fran\u00e7ois Ruffin et son comp\u00e8re de lutte Gilles Perret ne se sont pas laiss\u00e9s intimider par le Covid pour filmer <em>Debout les femmes !<\/em><\/p>\n<p>Je n&rsquo;ai aucune sympathie pour la ligne politique d\u00e9fendue par Fran\u00e7ois Ruffin et par son parti. Je nourris m\u00eame une aversion spontan\u00e9e et totalement irrationnelle pour son <em>lider maximo<\/em>. Pour autant cela ne m&#8217;emp\u00eache pas de reconna\u00eetre que les documentaires de Fran\u00e7ois Ruffin frappent juste et touchent au c\u0153ur.<\/p>\n<p>Son propos est-il totalement sinc\u00e8re ? Peut-\u00eatre pas. Y a-t-il une part de manipulation dans son apparente candeur ? Peut-\u00eatre. Mais peu importe. Je ne veux pas lui intenter ce proc\u00e8s-l\u00e0.<\/p>\n<p>Je veux juste reconna\u00eetre ce que toute personne sens\u00e9e se doit de reconna\u00eetre, qu&rsquo;elle soit de droite, de gauche ou d&rsquo;ailleurs. Ces \u00ab\u00a0m\u00e9tiers du lien\u00a0\u00bb, comme l&rsquo;a amplement d\u00e9montr\u00e9 la crise du Covid, sont indispensables. Et ils sont exerc\u00e9s par des femmes qui ne sont pas reconnues. La moindre des d\u00e9cences est de leur conf\u00e9rer un statut, un droit \u00e0 la protection de l&#8217;emploi, \u00e0 la formation, \u00e0 l&rsquo;\u00e9volution de leur carri\u00e8re, de leur assurer des conditions de travail normales et de leur verser un salaire d\u00e9cent. Ni plus ni moins.<\/p>\n<p><a href=\"https:\/\/www.allocine.fr\/video\/player_gen_cmedia=19593673&amp;cfilm=292429.html\">La bande-annonce<\/a><\/p>\n","protected":false},"excerpt":{"rendered":"<p>D\u00e9but 2020, Fran\u00e7ois Ruffin, d\u00e9put\u00e9 de La France insoumise, se voit confier par l&rsquo;Assembl\u00e9e nationale une mission d&rsquo;\u00e9tudes sur les m\u00e9tiers du lien. Ces m\u00e9tiers d\u00e9valoris\u00e9s et mal reconnus sont presque toujours exerc\u00e9s par des femmes qui s&rsquo;occupent de personnes \u00e2g\u00e9es d\u00e9pendantes ou d&rsquo;enfants handicap\u00e9s. Comme l&rsquo;usage le veut, la mission est bic\u00e9phale : un [&hellip;]<\/p>\n","protected":false},"author":1,"featured_media":0,"comment_status":"open","ping_status":"open","sticky":false,"template":"","format":"standard","meta":{"footnotes":""},"categories":[72,85],"tags":[],"class_list":["post-15393","post","type-post","status-publish","format-standard","hentry","category-films-sortis-en-2021","category-films-sortis-en-octobre-2021"],"_links":{"self":[{"href":"https:\/\/un-film-un-jour.com\/index.php\/wp-json\/wp\/v2\/posts\/15393","targetHints":{"allow":["GET"]}}],"collection":[{"href":"https:\/\/un-film-un-jour.com\/index.php\/wp-json\/wp\/v2\/posts"}],"about":[{"href":"https:\/\/un-film-un-jour.com\/index.php\/wp-json\/wp\/v2\/types\/post"}],"author":[{"embeddable":true,"href":"https:\/\/un-film-un-jour.com\/index.php\/wp-json\/wp\/v2\/users\/1"}],"replies":[{"embeddable":true,"href":"https:\/\/un-film-un-jour.com\/index.php\/wp-json\/wp\/v2\/comments?post=15393"}],"version-history":[{"count":5,"href":"https:\/\/un-film-un-jour.com\/index.php\/wp-json\/wp\/v2\/posts\/15393\/revisions"}],"predecessor-version":[{"id":15466,"href":"https:\/\/un-film-un-jour.com\/index.php\/wp-json\/wp\/v2\/posts\/15393\/revisions\/15466"}],"wp:attachment":[{"href":"https:\/\/un-film-un-jour.com\/index.php\/wp-json\/wp\/v2\/media?parent=15393"}],"wp:term":[{"taxonomy":"category","embeddable":true,"href":"https:\/\/un-film-un-jour.com\/index.php\/wp-json\/wp\/v2\/categories?post=15393"},{"taxonomy":"post_tag","embeddable":true,"href":"https:\/\/un-film-un-jour.com\/index.php\/wp-json\/wp\/v2\/tags?post=15393"}],"curies":[{"name":"wp","href":"https:\/\/api.w.org\/{rel}","templated":true}]}}