{"id":15448,"date":"2021-10-23T08:08:34","date_gmt":"2021-10-23T07:08:34","guid":{"rendered":"http:\/\/un-film-un-jour.com\/?p=15448"},"modified":"2021-10-23T12:01:18","modified_gmt":"2021-10-23T11:01:18","slug":"le-milieu-de-lhorizon","status":"publish","type":"post","link":"https:\/\/un-film-un-jour.com\/index.php\/2021\/10\/23\/le-milieu-de-lhorizon\/","title":{"rendered":"Le Milieu de l&rsquo;horizon \u2605\u2605\u2606\u2606"},"content":{"rendered":"<p><img loading=\"lazy\" decoding=\"async\" class=\"alignleft size-medium\" src=\"https:\/\/fr.web.img5.acsta.net\/r_1920_1080\/pictures\/21\/08\/06\/14\/52\/1394762.jpg\" width=\"317\" height=\"430\" \/>Gus (Luc Bruchez) a treize ans. Il vit \u00e0 la ferme avec ses parents, sa s\u0153ur a\u00een\u00e9e et son cousin un peu demeur\u00e9. C&rsquo;est l&rsquo;\u00e9t\u00e9 76, l&rsquo;\u00e9t\u00e9 de la canicule qui s&rsquo;abat sur les hommes et les b\u00eates mettant en p\u00e9ril l&rsquo;\u00e9quilibre, d\u00e9j\u00e0 fragile, de l&rsquo;exploitation familiale. Tandis que le p\u00e8re (Thibaut Evrard) se d\u00e9m\u00e8ne comme un beau diable pour sauver ses poulets et ses vaches, la m\u00e8re (Laetitia Casta), fatigu\u00e9e d&rsquo;une vie de corv\u00e9es, nourrit pour une amie de passage (Cl\u00e9mence Po\u00e9sy) des d\u00e9sirs coupables.<\/p>\n<p>Le monde paysan a d\u00e9cid\u00e9ment la cote dans le cin\u00e9ma fran\u00e7ais [Oui. Je sais. J&rsquo;ai commenc\u00e9 avant-hier ma critique d&rsquo;<a href=\"https:\/\/un-film-un-jour.com\/index.php\/2021\/10\/21\/illusions-perdues\/\"><em>Illusions perdues<\/em><\/a> de la m\u00eame fa\u00e7on en parlant des adaptations de Balzac]. Apr\u00e8s les tr\u00e8s r\u00e9ussis <a href=\"https:\/\/un-film-un-jour.com\/index.php\/2017\/09\/08\/petit-paysan\/\"><em>Petit Paysan<\/em><\/a> et <a href=\"https:\/\/un-film-un-jour.com\/index.php\/2019\/09\/27\/au-nom-de-la-terre\/\"><em>Au nom de la terre<\/em><\/a>, on a vu se multiplier les m\u00e9lodrames ayant pour h\u00e9ros des hommes et des femmes durs \u00e0 la t\u00e2che, se frottant aux rudes travaux agricoles : <a href=\"https:\/\/un-film-un-jour.com\/index.php\/2021\/08\/27\/la-terre-des-hommes\/\"><em>La Terre des hommes<\/em><\/a>, <a href=\"https:\/\/un-film-un-jour.com\/index.php\/2021\/06\/21\/la-nuee\/\"><em>La Nu\u00e9e<\/em><\/a>, <a href=\"https:\/\/un-film-un-jour.com\/index.php\/2020\/01\/31\/revenir\/\"><em>Revenir<\/em><\/a>&#8230; sans parler de l&rsquo;engouement soudain pour les documentaires sur le monde paysan : <a href=\"https:\/\/un-film-un-jour.com\/index.php\/2020\/09\/28\/honeyland\/\"><em>Honeyland<\/em><\/a>, <a href=\"https:\/\/un-film-un-jour.com\/index.php\/2020\/02\/28\/cyrille-agriculteur-30-ans-20-vaches-du-lait-du-beurre-des-dettes\/\"><em>Cyrille, agriculteur, 30 ans, 20 vaches, du lait, du beurre, des dettes<\/em><\/a>&#8230;<\/p>\n<p>La r\u00e9alisatrice suisse Delphine Lehericey est all\u00e9e tourner en 35mm en Mac\u00e9doine l&rsquo;adaptation d&rsquo;un roman de son compatriote, Roland Buti, publi\u00e9 en 2013, dont l&rsquo;action se d\u00e9roule quarante ans plus t\u00f4t. On retrouve les couleurs, le grain de l&rsquo;image et la moiteur de <em>L&rsquo;Et\u00e9 meurtrier<\/em>. Mais, m\u00eame si Laetitia Casta est presqu&rsquo;aussi sexy qu&rsquo;Isabelle Adjani au sommet de sa gloire, la comparaison s&rsquo;arr\u00eate l\u00e0. <em>Le Milieu de l&rsquo;horizon<\/em> (pourquoi ce titre qui ne veut rien dire ?) n&rsquo;est pas l&rsquo;histoire d&rsquo;une machiav\u00e9lique vengeance dans un village des Hautes-Alpes, mais plus banalement un <em>coming of age movie<\/em>, un film sur la sortie de l&rsquo;enfance comme on en a d\u00e9j\u00e0 vu treize \u00e0 la douzaine.<\/p>\n<p>Il n&rsquo;y a pas grand-chose \u00e0 lui reprocher : les acteurs font le job (avec une mention sp\u00e9ciale pour Patrick Descamps dont c&rsquo;est le troisi\u00e8me film qui sort en quatre semaines), le sc\u00e9nario se tient&#8230;. Mais il n&rsquo;y a pas grand-chose non plus d&rsquo;imm\u00e9morable dans ce r\u00e9cit convenu et sa conclusion sans surprise.<\/p>\n<p><a href=\"https:\/\/www.allocine.fr\/video\/player_gen_cmedia=19585458&amp;cfilm=273171.html\">La bande-annonce<\/a><\/p>\n","protected":false},"excerpt":{"rendered":"<p>Gus (Luc Bruchez) a treize ans. Il vit \u00e0 la ferme avec ses parents, sa s\u0153ur a\u00een\u00e9e et son cousin un peu demeur\u00e9. C&rsquo;est l&rsquo;\u00e9t\u00e9 76, l&rsquo;\u00e9t\u00e9 de la canicule qui s&rsquo;abat sur les hommes et les b\u00eates mettant en p\u00e9ril l&rsquo;\u00e9quilibre, d\u00e9j\u00e0 fragile, de l&rsquo;exploitation familiale. Tandis que le p\u00e8re (Thibaut Evrard) se d\u00e9m\u00e8ne [&hellip;]<\/p>\n","protected":false},"author":1,"featured_media":0,"comment_status":"open","ping_status":"open","sticky":false,"template":"","format":"standard","meta":{"footnotes":""},"categories":[72,85],"tags":[],"class_list":["post-15448","post","type-post","status-publish","format-standard","hentry","category-films-sortis-en-2021","category-films-sortis-en-octobre-2021"],"_links":{"self":[{"href":"https:\/\/un-film-un-jour.com\/index.php\/wp-json\/wp\/v2\/posts\/15448","targetHints":{"allow":["GET"]}}],"collection":[{"href":"https:\/\/un-film-un-jour.com\/index.php\/wp-json\/wp\/v2\/posts"}],"about":[{"href":"https:\/\/un-film-un-jour.com\/index.php\/wp-json\/wp\/v2\/types\/post"}],"author":[{"embeddable":true,"href":"https:\/\/un-film-un-jour.com\/index.php\/wp-json\/wp\/v2\/users\/1"}],"replies":[{"embeddable":true,"href":"https:\/\/un-film-un-jour.com\/index.php\/wp-json\/wp\/v2\/comments?post=15448"}],"version-history":[{"count":6,"href":"https:\/\/un-film-un-jour.com\/index.php\/wp-json\/wp\/v2\/posts\/15448\/revisions"}],"predecessor-version":[{"id":15464,"href":"https:\/\/un-film-un-jour.com\/index.php\/wp-json\/wp\/v2\/posts\/15448\/revisions\/15464"}],"wp:attachment":[{"href":"https:\/\/un-film-un-jour.com\/index.php\/wp-json\/wp\/v2\/media?parent=15448"}],"wp:term":[{"taxonomy":"category","embeddable":true,"href":"https:\/\/un-film-un-jour.com\/index.php\/wp-json\/wp\/v2\/categories?post=15448"},{"taxonomy":"post_tag","embeddable":true,"href":"https:\/\/un-film-un-jour.com\/index.php\/wp-json\/wp\/v2\/tags?post=15448"}],"curies":[{"name":"wp","href":"https:\/\/api.w.org\/{rel}","templated":true}]}}