{"id":16071,"date":"2022-01-18T10:13:11","date_gmt":"2022-01-18T09:13:11","guid":{"rendered":"http:\/\/un-film-un-jour.com\/?p=16071"},"modified":"2022-01-18T10:13:22","modified_gmt":"2022-01-18T09:13:22","slug":"vitalina-varela","status":"publish","type":"post","link":"https:\/\/un-film-un-jour.com\/index.php\/2022\/01\/18\/vitalina-varela\/","title":{"rendered":"Vitalina Varela \u2606\u2606\u2606\u2606"},"content":{"rendered":"<p><img loading=\"lazy\" decoding=\"async\" class=\"alignleft size-medium\" src=\"https:\/\/fr.web.img6.acsta.net\/r_1920_1080\/pictures\/20\/11\/24\/17\/21\/1151168.jpg\" width=\"317\" height=\"430\" \/>Vitalina Varela est Cap-Verdienne. Son mari, Joaquim, l&rsquo;a quitt\u00e9e pour aller vivre et travailler au Portugal. Elle est rest\u00e9e sans nouvelles de lui pendant vingt-cinq ans avant de d\u00e9barquer \u00e0 Lisbonne, la cinquantaine d\u00e9j\u00e0 bien entam\u00e9e, pieds nus, au lendemain de ses obs\u00e8ques. Elle h\u00e9rite d&rsquo;un logement minuscule et insalubre.<\/p>\n<p>Le jury du festival de Locarno &#8211; qui lui a d\u00e9cern\u00e9 le L\u00e9opard d&rsquo;or en 2019 &#8211; et les critiques des <em>Cahiers du Cin\u00e9ma<\/em>, du <em>Monde<\/em>, des <em>Inrocks<\/em> et de <em>Lib\u00e9ration<\/em> sont unanimes : le dernier film de Pedro Costa, v\u00e9t\u00e9ran du cin\u00e9ma portugais est un chef d&rsquo;oeuvre. Et de vanter sa \u00ab\u00a0picturalit\u00e9 flamboyante\u00a0\u00bb, sa \u00ab\u00a0fondamentalit\u00e9\u00a0\u00bb (sic), son \u00ab\u00a0bovarysme invers\u00e9\u00a0\u00bb (?????), sa \u00ab\u00a0description cisel\u00e9e de la mis\u00e8re\u00a0\u00bb. Et de s&rsquo;\u00e9baubir devant \u00ab\u00a0une oeuvre de feu et de froid\u00a0\u00bb (thermostat mal r\u00e9gl\u00e9 ?), un \u00ab\u00a0oppressant th\u00e9\u00e2tre d&rsquo;ombres o\u00f9 errent quelques fant\u00f4mes d\u00e9sesp\u00e9r\u00e9s\u00a0\u00bb, un \u00ab\u00a0miroir leth\u00e9en d&rsquo;eau croupie\u00a0\u00bb (probl\u00e8me d&rsquo;\u00e9vacuation ?), \u00ab\u00a0un ballet d\u2019ombres impr\u00e9gn\u00e9es sur le b\u00e9ton f\u00eal\u00e9 de la migration\u00a0\u00bb.<\/p>\n<p>Je n&rsquo;ai h\u00e9las pas autant de sensibilit\u00e9 qu&rsquo;eux. Je me suis solidement ennuy\u00e9 devant ce film de plus de deux heures qui en compte au moins une de trop. Pendant les premi\u00e8res minutes, j&rsquo;ai essay\u00e9 d&rsquo;admirer ces longs plans fixes, ces clairs-obscurs \u00e9clair\u00e9s \u00e0 la chandelle cens\u00e9s exalter la mis\u00e8re des taudis pouilleux du ghetto de Cova da Moura pr\u00e8s de Lisbonne. J&rsquo;ai essay\u00e9 de laisser sourdre l&rsquo;\u00e9motion suscit\u00e9e par Vitalina, par sa rage rentr\u00e9e devant sa vie g\u00e2ch\u00e9e, par sa col\u00e8re, par ses regrets. Mais j&rsquo;ai bien vite vers\u00e9 dans un ennui sans retour devant ce film quasiment muet, \u00e0 peine entrecoup\u00e9 de rares monologues prononc\u00e9s d&rsquo;une voix d&rsquo;outre-tombe.<\/p>\n<p><a href=\"https:\/\/www.allocine.fr\/video\/player_gen_cmedia=19590790&amp;cfilm=263853.html\">La bande-annonce<\/a><\/p>\n","protected":false},"excerpt":{"rendered":"<p>Vitalina Varela est Cap-Verdienne. Son mari, Joaquim, l&rsquo;a quitt\u00e9e pour aller vivre et travailler au Portugal. Elle est rest\u00e9e sans nouvelles de lui pendant vingt-cinq ans avant de d\u00e9barquer \u00e0 Lisbonne, la cinquantaine d\u00e9j\u00e0 bien entam\u00e9e, pieds nus, au lendemain de ses obs\u00e8ques. Elle h\u00e9rite d&rsquo;un logement minuscule et insalubre. Le jury du festival de [&hellip;]<\/p>\n","protected":false},"author":1,"featured_media":0,"comment_status":"open","ping_status":"open","sticky":false,"template":"","format":"standard","meta":{"footnotes":""},"categories":[88,89,6],"tags":[],"class_list":["post-16071","post","type-post","status-publish","format-standard","hentry","category-films-sortis-en-2022","category-films-sortis-en-janvier-2022","category-mes-coups-de-gueule"],"_links":{"self":[{"href":"https:\/\/un-film-un-jour.com\/index.php\/wp-json\/wp\/v2\/posts\/16071","targetHints":{"allow":["GET"]}}],"collection":[{"href":"https:\/\/un-film-un-jour.com\/index.php\/wp-json\/wp\/v2\/posts"}],"about":[{"href":"https:\/\/un-film-un-jour.com\/index.php\/wp-json\/wp\/v2\/types\/post"}],"author":[{"embeddable":true,"href":"https:\/\/un-film-un-jour.com\/index.php\/wp-json\/wp\/v2\/users\/1"}],"replies":[{"embeddable":true,"href":"https:\/\/un-film-un-jour.com\/index.php\/wp-json\/wp\/v2\/comments?post=16071"}],"version-history":[{"count":2,"href":"https:\/\/un-film-un-jour.com\/index.php\/wp-json\/wp\/v2\/posts\/16071\/revisions"}],"predecessor-version":[{"id":16074,"href":"https:\/\/un-film-un-jour.com\/index.php\/wp-json\/wp\/v2\/posts\/16071\/revisions\/16074"}],"wp:attachment":[{"href":"https:\/\/un-film-un-jour.com\/index.php\/wp-json\/wp\/v2\/media?parent=16071"}],"wp:term":[{"taxonomy":"category","embeddable":true,"href":"https:\/\/un-film-un-jour.com\/index.php\/wp-json\/wp\/v2\/categories?post=16071"},{"taxonomy":"post_tag","embeddable":true,"href":"https:\/\/un-film-un-jour.com\/index.php\/wp-json\/wp\/v2\/tags?post=16071"}],"curies":[{"name":"wp","href":"https:\/\/api.w.org\/{rel}","templated":true}]}}