{"id":16601,"date":"2022-03-24T08:27:08","date_gmt":"2022-03-24T07:27:08","guid":{"rendered":"http:\/\/un-film-un-jour.com\/?p=16601"},"modified":"2022-03-24T11:59:50","modified_gmt":"2022-03-24T10:59:50","slug":"bruno-reidal","status":"publish","type":"post","link":"https:\/\/un-film-un-jour.com\/index.php\/2022\/03\/24\/bruno-reidal\/","title":{"rendered":"Bruno Reidal \u2605\u2605\u2605\u2606"},"content":{"rendered":"<p><img loading=\"lazy\" decoding=\"async\" class=\"alignleft size-medium\" src=\"https:\/\/fr.web.img5.acsta.net\/r_1920_1080\/pictures\/22\/02\/24\/15\/14\/5662067.jpg\" width=\"317\" height=\"430\" \/>Apr\u00e8s avoir assassin\u00e9 et d\u00e9capit\u00e9 un jeune enfant de douze ans,\u00a0 le 1er septembre 1905, dans un petit village du Cantal, Bruno Reidal se livre \u00e0 la police. L&rsquo;adolescent \u00e2g\u00e9 de dix-sept ans \u00e0 peine subit un expertise m\u00e9dicale par un coll\u00e8ge de m\u00e9decins pour appr\u00e9cier son irresponsabilit\u00e9. Il r\u00e9dige \u00e0 leur intention un t\u00e9moignage \u00e9crit de sa vie depuis la prime enfance. C&rsquo;est en suivant \u00e0 la lettre ce t\u00e9moignage que le r\u00e9alisateur Vincent Le Port reconstitue la vie du jeune assassin.<\/p>\n<p><em>Bruno Reidal<\/em> est une oeuvre marquante.<br \/>\nEt c&rsquo;est un film traumatisant. M\u00eame si la commission de classification a eu la main lourde, ce n&rsquo;est pas sans motif qu&rsquo;elle l&rsquo;a interdit aux spectateurs de moins de seize ans &#8211; une classe d&rsquo;\u00e2ge dont la proximit\u00e9 avec le h\u00e9ros \u00e9tait susceptible d&rsquo;accro\u00eetre le sentiment d&rsquo;identification. Car <em>Bruno Reidal<\/em> est terrible par ce qu&rsquo;il montre, notamment ce crime affreux. Mais il est plus horrible encore par ce qu&rsquo;il fait comprendre : l&rsquo;indicible noirceur d&rsquo;une \u00e2me \u00e0 laquelle toute r\u00e9demption semble interdite et impossible.<\/p>\n<p>La scrupuleuse confession de l&rsquo;assassin offre quelques pistes pour \u00e9clairer son crime sadique. Il y a d&rsquo;abord une enfance malheureuse au milieu d&rsquo;une fratrie trop nombreuse, avec un p\u00e8re aimant mais trop t\u00f4t d\u00e9c\u00e9d\u00e9 et une m\u00e8re alcoolique et violente. Il y a ensuite une jalousie de classe qui pousse le jeune Bruno \u00e0 s&rsquo;extraire de son milieu par les \u00e9tudes (il est boursier au petit s\u00e9minaire et y m\u00e8ne de brillantes \u00e9tudes) tout en nourrissant une haine exacerb\u00e9e pour ses camarades mieux n\u00e9s que lui. Il y a surtout une relation malsaine entre le plaisir que le jeune Bruno d\u00e9couvre en se livrant compulsivement \u00e0 la masturbation et les actes sadiques qu&rsquo;il fantasme pour se faire jouir. La psychanalyse freudienne \u00e9tait dans les limbes en 1905 et n&rsquo;avait pas encore atteint le Cantal ; mais elle aurait fait ses d\u00e9lices de ce cas d&rsquo;\u00e9cole.<\/p>\n<p>P\u00e8se au-dessus de <em>Bruno Reidal<\/em> l&rsquo;ombre intimidante de <em>Moi, Pierre Rivi\u00e8re, ayant \u00e9gorg\u00e9 ma m\u00e8re, ma s\u0153ur et mon fr\u00e8re<\/em> dont la documentation avait \u00e9t\u00e9 rassembl\u00e9e en 1973 par Michel Foucault avant d&rsquo;\u00eatre port\u00e9e \u00e0 l&rsquo;\u00e9cran trois ans plus tard par Ren\u00e9 Allio. Les deux films se ressemblent et racontent des faits similaires (Pierre Rivi\u00e8re avait assassin\u00e9 toute sa famille \u00e0 coups de serpe en 1835 dans l&rsquo;Orne). Mais les points de vue des deux r\u00e9alisateurs diff\u00e8rent et sont significatifs de leur temps : l\u00e0 o\u00f9 Ren\u00e9 Allio, influenc\u00e9 par le marxisme et le structuralisme, insistait sur le contexte historique et socio-\u00e9conomique du meurtre et les structures de pouvoir qui pesaient sur le jeune Rivi\u00e8re, le film de Vincent Le Port (qui, \u00e0 trente six ans \u00e0 peine signe un premier film d&rsquo;une \u00e9tonnante maturit\u00e9) est moins contextualis\u00e9, plus intemporel, plus centr\u00e9 sur son h\u00e9ros et sa psych\u00e9.<\/p>\n<p><em>Bruno Reidal<\/em> soul\u00e8ve un d\u00e9bat dont, d\u00e9formation professionnelle oblige, je regrette qu&rsquo;il n&rsquo;ait pas \u00e9t\u00e9 plus creus\u00e9 : celui de la responsabilit\u00e9 p\u00e9nale. Le coll\u00e8ge de m\u00e9decins qui examina Bruno a-t-il h\u00e9sit\u00e9 avant de l&rsquo;envoyer en asile psychiatrique ? On ne le saura pas. L&rsquo;horreur du crime laisse bien s\u00fbr augurer un esprit malade, un cas de \u00ab\u00a0sadisme sanguinaire cong\u00e9nital\u00a0\u00bb, comme le conclura l&rsquo;expertise m\u00e9dicale. Mais la lucidit\u00e9 de Bruno, l&rsquo;intelligence avec laquelle il se raconte et d\u00e9crit le meurtre qu&rsquo;il a commis jettent un doute sur l&rsquo;abolition de son discernement au moment des faits dont on sait &#8211; pour en avoir longuement d\u00e9battu au moment de l&rsquo;affaire Halimi &#8211; qu&rsquo;elle constitue un \u00e9l\u00e9ment constitutif de l&rsquo;irresponsabilit\u00e9 p\u00e9nale.<\/p>\n<p>Amateurs de <em>feel good movie<\/em>, passez votre chemin ! <em>Bruno Reidal<\/em> vous plombera durablement le moral. Quand le film se termine, un silence lourd p\u00e8se sur la salle dont les spectateurs, sous le choc, peinent \u00e0 quitter leurs si\u00e8ges. <em>Bruno Reidal<\/em> leur aura fait toucher du doigt l&rsquo;indicible noirceur de l&rsquo;\u00e2me humaine. Ne manquerait plus qu&rsquo;une dose du dernier Houellebecq pour chercher une corde pour se pendre !<\/p>\n<p><a href=\"https:\/\/www.allocine.fr\/video\/player_gen_cmedia=19595859&amp;cfilm=267961.html\">La bande-annonce<\/a><\/p>\n","protected":false},"excerpt":{"rendered":"<p>Apr\u00e8s avoir assassin\u00e9 et d\u00e9capit\u00e9 un jeune enfant de douze ans,\u00a0 le 1er septembre 1905, dans un petit village du Cantal, Bruno Reidal se livre \u00e0 la police. L&rsquo;adolescent \u00e2g\u00e9 de dix-sept ans \u00e0 peine subit un expertise m\u00e9dicale par un coll\u00e8ge de m\u00e9decins pour appr\u00e9cier son irresponsabilit\u00e9. Il r\u00e9dige \u00e0 leur intention un t\u00e9moignage [&hellip;]<\/p>\n","protected":false},"author":1,"featured_media":0,"comment_status":"open","ping_status":"open","sticky":false,"template":"","format":"standard","meta":{"footnotes":""},"categories":[88,92],"tags":[],"class_list":["post-16601","post","type-post","status-publish","format-standard","hentry","category-films-sortis-en-2022","category-films-sortis-en-mars-2022"],"_links":{"self":[{"href":"https:\/\/un-film-un-jour.com\/index.php\/wp-json\/wp\/v2\/posts\/16601","targetHints":{"allow":["GET"]}}],"collection":[{"href":"https:\/\/un-film-un-jour.com\/index.php\/wp-json\/wp\/v2\/posts"}],"about":[{"href":"https:\/\/un-film-un-jour.com\/index.php\/wp-json\/wp\/v2\/types\/post"}],"author":[{"embeddable":true,"href":"https:\/\/un-film-un-jour.com\/index.php\/wp-json\/wp\/v2\/users\/1"}],"replies":[{"embeddable":true,"href":"https:\/\/un-film-un-jour.com\/index.php\/wp-json\/wp\/v2\/comments?post=16601"}],"version-history":[{"count":4,"href":"https:\/\/un-film-un-jour.com\/index.php\/wp-json\/wp\/v2\/posts\/16601\/revisions"}],"predecessor-version":[{"id":16605,"href":"https:\/\/un-film-un-jour.com\/index.php\/wp-json\/wp\/v2\/posts\/16601\/revisions\/16605"}],"wp:attachment":[{"href":"https:\/\/un-film-un-jour.com\/index.php\/wp-json\/wp\/v2\/media?parent=16601"}],"wp:term":[{"taxonomy":"category","embeddable":true,"href":"https:\/\/un-film-un-jour.com\/index.php\/wp-json\/wp\/v2\/categories?post=16601"},{"taxonomy":"post_tag","embeddable":true,"href":"https:\/\/un-film-un-jour.com\/index.php\/wp-json\/wp\/v2\/tags?post=16601"}],"curies":[{"name":"wp","href":"https:\/\/api.w.org\/{rel}","templated":true}]}}