{"id":16743,"date":"2022-05-30T03:19:55","date_gmt":"2022-05-30T02:19:55","guid":{"rendered":"http:\/\/un-film-un-jour.com\/?p=16743"},"modified":"2025-12-13T19:12:57","modified_gmt":"2025-12-13T18:12:57","slug":"lhypothese-democratique-une-histoire-basque","status":"publish","type":"post","link":"https:\/\/un-film-un-jour.com\/index.php\/2022\/05\/30\/lhypothese-democratique-une-histoire-basque\/","title":{"rendered":"L&rsquo;Hypoth\u00e8se d\u00e9mocratique \u2013 Une histoire basque \u2605\u2606\u2606\u2606"},"content":{"rendered":"<p><img loading=\"lazy\" decoding=\"async\" class=\"alignleft size-medium\" src=\"https:\/\/fr.web.img2.acsta.net\/c_300_300\/pictures\/22\/03\/14\/17\/00\/0139148.jpg\" width=\"317\" height=\"430\" \/><em>L&rsquo;Hypoth\u00e8se d\u00e9mocratique<\/em> se penche sur une page m\u00e9connue de notre histoire politique : la lutte pour l&rsquo;ind\u00e9pendance basque de l&rsquo;ETA, fond\u00e9e en 1958 en plein franquisme, jusqu&rsquo;\u00e0 son auto-dissolution en 2018.<br \/>\nIl le fait en donnant longuement la parole aux principaux leaders de l&rsquo;organisation qui t\u00e9moignent pour la premi\u00e8re fois \u00e0 visage d\u00e9couvert.<\/p>\n<p><em>L&rsquo;Hypoth\u00e8se d\u00e9mocratique<\/em> permet d&rsquo;entendre, ce qui n&rsquo;est gu\u00e8re fr\u00e9quent, cette \u00e9trange langue basque, aux origines myst\u00e9rieuses, dont on dit parfois qu&rsquo;elle est la plus vieille d&rsquo;Europe.<br \/>\nIl est aussi l&rsquo;occasion de r\u00e9unir, dans un exemple rare de r\u00e9conciliation, deux femmes : le p\u00e8re de la premi\u00e8re a \u00e9t\u00e9 tu\u00e9 par les GAL, ces milices espagnoles anti-ind\u00e9pendantistes, \u00e0 Bayonne, le mari de la seconde \u00e9tait un policier espagnol assassin\u00e9 par l&rsquo;ETA.<\/p>\n<p>Mais pour le reste, <em>L&rsquo;Hypoth\u00e8se d\u00e9mocratique<\/em> &#8211; dont rien n&rsquo;\u00e9claire le titre trop abstrait &#8211; g\u00e2che un sujet en or.<br \/>\nIl le g\u00e2che de trois fa\u00e7ons. D&rsquo;abord par sa dur\u00e9e anormalement ob\u00e8se et que rien ne justifie : ce documentaire de 2h20 aurait \u00e9t\u00e9 autrement plus percutant amput\u00e9 d&rsquo;une bonne heure.<br \/>\nEnsuite par son montage paresseux : des interviews trop longues sont chichement entrecoup\u00e9es d&rsquo;images d&rsquo;archives trop rares qui ne permettent pas de comprendre la lutte ind\u00e9pendantiste, ses objectifs et les raisons pour lesquelles l&rsquo;ETA a finalement d\u00e9pos\u00e9 les armes<br \/>\nEnfin, <em>L&rsquo;Hypoth\u00e8se d\u00e9mocratique<\/em> pr\u00e9sente le d\u00e9faut de ne donner la parole qu&rsquo;\u00e0 un seul camp. Un seul Espagnol &#8211; qui a particip\u00e9 aux n\u00e9gociations de paix &#8211; est interview\u00e9. Cette absence de contrechamp nuit \u00e0 l&rsquo;objectivit\u00e9 du propos ainsi qu&rsquo;\u00e0 son intelligibilit\u00e9.<\/p>\n<p><a href=\"https:\/\/www.allocine.fr\/video\/player_gen_cmedia=19595990&amp;cfilm=299410.html\">La bande-annonce<\/a><\/p>\n","protected":false},"excerpt":{"rendered":"<p>L&rsquo;Hypoth\u00e8se d\u00e9mocratique se penche sur une page m\u00e9connue de notre histoire politique : la lutte pour l&rsquo;ind\u00e9pendance basque de l&rsquo;ETA, fond\u00e9e en 1958 en plein franquisme, jusqu&rsquo;\u00e0 son auto-dissolution en 2018. Il le fait en donnant longuement la parole aux principaux leaders de l&rsquo;organisation qui t\u00e9moignent pour la premi\u00e8re fois \u00e0 visage d\u00e9couvert. L&rsquo;Hypoth\u00e8se d\u00e9mocratique [&hellip;]<\/p>\n","protected":false},"author":1,"featured_media":0,"comment_status":"open","ping_status":"open","sticky":false,"template":"","format":"standard","meta":{"footnotes":""},"categories":[88,93],"tags":[],"class_list":["post-16743","post","type-post","status-publish","format-standard","hentry","category-films-sortis-en-2022","category-films-sortis-en-avril-2022"],"_links":{"self":[{"href":"https:\/\/un-film-un-jour.com\/index.php\/wp-json\/wp\/v2\/posts\/16743","targetHints":{"allow":["GET"]}}],"collection":[{"href":"https:\/\/un-film-un-jour.com\/index.php\/wp-json\/wp\/v2\/posts"}],"about":[{"href":"https:\/\/un-film-un-jour.com\/index.php\/wp-json\/wp\/v2\/types\/post"}],"author":[{"embeddable":true,"href":"https:\/\/un-film-un-jour.com\/index.php\/wp-json\/wp\/v2\/users\/1"}],"replies":[{"embeddable":true,"href":"https:\/\/un-film-un-jour.com\/index.php\/wp-json\/wp\/v2\/comments?post=16743"}],"version-history":[{"count":4,"href":"https:\/\/un-film-un-jour.com\/index.php\/wp-json\/wp\/v2\/posts\/16743\/revisions"}],"predecessor-version":[{"id":16998,"href":"https:\/\/un-film-un-jour.com\/index.php\/wp-json\/wp\/v2\/posts\/16743\/revisions\/16998"}],"wp:attachment":[{"href":"https:\/\/un-film-un-jour.com\/index.php\/wp-json\/wp\/v2\/media?parent=16743"}],"wp:term":[{"taxonomy":"category","embeddable":true,"href":"https:\/\/un-film-un-jour.com\/index.php\/wp-json\/wp\/v2\/categories?post=16743"},{"taxonomy":"post_tag","embeddable":true,"href":"https:\/\/un-film-un-jour.com\/index.php\/wp-json\/wp\/v2\/tags?post=16743"}],"curies":[{"name":"wp","href":"https:\/\/api.w.org\/{rel}","templated":true}]}}