{"id":18203,"date":"2022-12-26T09:18:14","date_gmt":"2022-12-26T08:18:14","guid":{"rendered":"http:\/\/un-film-un-jour.com\/?p=18203"},"modified":"2022-12-26T10:07:39","modified_gmt":"2022-12-26T09:07:39","slug":"ariaferma","status":"publish","type":"post","link":"https:\/\/un-film-un-jour.com\/index.php\/2022\/12\/26\/ariaferma\/","title":{"rendered":"Ariaferma \u2605\u2605\u2606\u2606"},"content":{"rendered":"<p><img loading=\"lazy\" decoding=\"async\" class=\"alignleft size-medium\" src=\"https:\/\/fr.web.img3.acsta.net\/r_1920_1080\/pictures\/22\/07\/20\/11\/43\/5854939.jpg\" width=\"317\" height=\"430\" \/>En Sardaigne, au c\u0153ur de l&rsquo;hiver, un p\u00e9nitencier au bord de la ruine est sur le point de fermer d\u00e9finitivement ses portes. Ses derniers gardiens c\u00e9l\u00e8brent tristement sa fermeture tandis que sa directrice a d\u00e9j\u00e0 fait ses cartons. Mais un ultime contretemps emp\u00eache le transfert d&rsquo;une douzaine de prisonniers. Ils sont regroup\u00e9s dans une aile de la prison sous le contr\u00f4le d&rsquo;une poign\u00e9e de gardes le temps de leur trouver un toit.<\/p>\n<p>Des films sur la prison, on en a vu treize \u00e0 la douzaine : <em>Le Trou<\/em>, <em>Un condamn\u00e9 \u00e0 mort s&rsquo;est \u00e9chapp\u00e9<\/em>, <em>La Grande \u00c9vasion<\/em>, <em>Papillon<\/em>, <em>Haute S\u00e9curit\u00e9<\/em>, <em>Les \u00c9vad\u00e9s<\/em>, <em>la Ligne verte<\/em>, <em>Un proph\u00e8te<\/em>&#8230; Ils sont souvent construits sur le m\u00eame mod\u00e8le. Ils sont film\u00e9s du point de vue des prisonniers. Ils n&rsquo;euph\u00e9misent pas la violence d\u00e9shumanisante qui r\u00e8gne entre les murs mais magnifient la solidarit\u00e9 qui se noue entre les d\u00e9tenus. Ils racontent leurs tentatives, pas toujours r\u00e9ussies, d&rsquo;\u00e9vasion.<\/p>\n<p><em>Ariaferma<\/em> adopte un point de vue diff\u00e9rent \u00e0 \u00e9quidistance des d\u00e9tenus et de leurs gardiens, r\u00e9unis contre leur gr\u00e9 par un malheureux concours de circonstances. Il oscille sur un fil t\u00e9nu. D&rsquo;un c\u00f4t\u00e9, il maintient tout du long une tension anxiog\u00e8ne qui fait craindre qu&rsquo;une \u00e9tincelle provoque une explosion de violence destructrice. De l&rsquo;autre, il laisse esp\u00e9rer un impossible rapprochement entre deux groupes condamn\u00e9s \u00e0 garder leurs distances : celui des matons et celui des taulards.<\/p>\n<p>Le premier est incarn\u00e9 par Gaetano Gargiuolo, le plus grad\u00e9 des gardiens, propuls\u00e9 bien malgr\u00e9 lui \u00e0 la direction de la prison. L&rsquo;immense Toni Servillo (dont je suis le seul \u00e0 ne pas avoir aim\u00e9 l&rsquo;interpr\u00e9tation dans <em>La Grande Bellezza<\/em>, un film unanimement adul\u00e9) lui pr\u00eate ses traits. Face \u00e0 lui, silencieux et rou\u00e9, Carmine Lagioia (interpr\u00e9t\u00e9 par Silvio Orlando, acteur f\u00e9tiche de Nanni Moretti), dont on ne saura rien des motifs de l&rsquo;incarc\u00e9ration, mais dont on suspecte qu&rsquo;il fut un <em>capo<\/em> de la mafia. Les deux hommes s&rsquo;affronteront-ils ou se tendront-ils la main ? Je vous laisse d\u00e9couvrir <em>Ariaferma<\/em> pour le savoir.<\/p>\n<p><a href=\"https:\/\/www.allocine.fr\/video\/player_gen_cmedia=19598212&amp;cfilm=294775.html\">La bande-annonce<\/a><\/p>\n","protected":false},"excerpt":{"rendered":"<p>En Sardaigne, au c\u0153ur de l&rsquo;hiver, un p\u00e9nitencier au bord de la ruine est sur le point de fermer d\u00e9finitivement ses portes. Ses derniers gardiens c\u00e9l\u00e8brent tristement sa fermeture tandis que sa directrice a d\u00e9j\u00e0 fait ses cartons. Mais un ultime contretemps emp\u00eache le transfert d&rsquo;une douzaine de prisonniers. Ils sont regroup\u00e9s dans une aile [&hellip;]<\/p>\n","protected":false},"author":1,"featured_media":0,"comment_status":"open","ping_status":"open","sticky":false,"template":"","format":"standard","meta":{"footnotes":""},"categories":[88,100],"tags":[],"class_list":["post-18203","post","type-post","status-publish","format-standard","hentry","category-films-sortis-en-2022","category-films-sortis-en-novembre-2022"],"_links":{"self":[{"href":"https:\/\/un-film-un-jour.com\/index.php\/wp-json\/wp\/v2\/posts\/18203","targetHints":{"allow":["GET"]}}],"collection":[{"href":"https:\/\/un-film-un-jour.com\/index.php\/wp-json\/wp\/v2\/posts"}],"about":[{"href":"https:\/\/un-film-un-jour.com\/index.php\/wp-json\/wp\/v2\/types\/post"}],"author":[{"embeddable":true,"href":"https:\/\/un-film-un-jour.com\/index.php\/wp-json\/wp\/v2\/users\/1"}],"replies":[{"embeddable":true,"href":"https:\/\/un-film-un-jour.com\/index.php\/wp-json\/wp\/v2\/comments?post=18203"}],"version-history":[{"count":6,"href":"https:\/\/un-film-un-jour.com\/index.php\/wp-json\/wp\/v2\/posts\/18203\/revisions"}],"predecessor-version":[{"id":18530,"href":"https:\/\/un-film-un-jour.com\/index.php\/wp-json\/wp\/v2\/posts\/18203\/revisions\/18530"}],"wp:attachment":[{"href":"https:\/\/un-film-un-jour.com\/index.php\/wp-json\/wp\/v2\/media?parent=18203"}],"wp:term":[{"taxonomy":"category","embeddable":true,"href":"https:\/\/un-film-un-jour.com\/index.php\/wp-json\/wp\/v2\/categories?post=18203"},{"taxonomy":"post_tag","embeddable":true,"href":"https:\/\/un-film-un-jour.com\/index.php\/wp-json\/wp\/v2\/tags?post=18203"}],"curies":[{"name":"wp","href":"https:\/\/api.w.org\/{rel}","templated":true}]}}