{"id":19295,"date":"2023-04-21T06:31:34","date_gmt":"2023-04-21T05:31:34","guid":{"rendered":"http:\/\/un-film-un-jour.com\/?p=19295"},"modified":"2023-04-21T09:02:30","modified_gmt":"2023-04-21T08:02:30","slug":"italia-le-feu-la-cendre","status":"publish","type":"post","link":"https:\/\/un-film-un-jour.com\/index.php\/2023\/04\/21\/italia-le-feu-la-cendre\/","title":{"rendered":"Italia, Le Feu, La Cendre \u2605\u2606\u2606\u2606"},"content":{"rendered":"<p><img loading=\"lazy\" decoding=\"async\" class=\"alignleft size-medium\" src=\"https:\/\/fr.web.img2.acsta.net\/r_1920_1080\/pictures\/23\/02\/01\/17\/27\/2429862.jpg\" width=\"317\" height=\"430\" \/>Plus de dix mille films muets furent tourn\u00e9s en Italie entre 1896 et 1930. Les n\u00e9gatifs, conserv\u00e9s \u00e0 l&rsquo;Institut cin\u00e9matographique italien, furent emport\u00e9s \u00e0 Berlin en 1943 et d\u00e9truits pendant la lib\u00e9ration de l&rsquo;Allemagne. C&rsquo;est au prix d&rsquo;un patient travail d&rsquo;investigation, dans les cin\u00e9math\u00e8ques du monde entier et dans les collections priv\u00e9es, que deux documentaristes fran\u00e7ais, C\u00e9line Gailleurd et Olivier Bohler &#8211; elle a consacr\u00e9 sa th\u00e8se aux survivances de la peinture du XIXe si\u00e8cle dans le cin\u00e9ma italien des ann\u00e9es 1910 et vient de diriger en 2022 un ouvrage collectif sur le cin\u00e9ma muet italien et il enseigne le cin\u00e9ma \u00e0 l&rsquo;Universit\u00e9 d&rsquo;Aix-Marseille &#8211; ont rassembl\u00e9 ce corpus unique.<\/p>\n<p>On y voit des images qu&rsquo;on n&rsquo;avait jamais vues &#8211; car il faut ici confesser notre m\u00e9diocre niveau de connaissance du cin\u00e9ma muet italien. En particulier des sc\u00e8nes de <em>Cabiria<\/em>, le fantastique p\u00e9plum de Giovanni Pastrone, sorti en 1914, inspir\u00e9 de <em>Salammb\u00f4<\/em> &#8211; que j&rsquo;aimerais tant avoir l&rsquo;occasion de d\u00e9couvrir en salle avec, pourquoi pas, un orchestre. On y d\u00e9couvre des divas dont la c\u00e9l\u00e9brit\u00e9 \u00e0 l&rsquo;\u00e9poque n&rsquo;\u00e9tait pas moindre que celle de leurs lointaines h\u00e9riti\u00e8res mais dont le nom a \u00e9t\u00e9 oubli\u00e9 : Lyda Borelli (la l\u00e9gende raconte que le comte Cini qui l&rsquo;\u00e9pousa en 1918 racheta tous les n\u00e9gatifs de ses films et les jeta \u00e0 la mer), Pina Menichelli, Francesca Bertini (la plus belle femme au monde disait-on &#8211; d\u00e9j\u00e0 &#8211; \u00e0 l&rsquo;\u00e9poque)&#8230;<\/p>\n<p>Un d\u00e9faut du film est son manque de clart\u00e9 et de p\u00e9dagogie. C&rsquo;est le comble pour deux r\u00e9alisateurs qui enseignent l&rsquo;un et l&rsquo;autre le cin\u00e9ma \u00e0 l&rsquo;Universit\u00e9. On y voit, dans l&rsquo;ordre chronologique de leur sortie, des sc\u00e8nes de films qui ne sont pas titr\u00e9s &#8211; le petit jeu \u00e9tant, devant le g\u00e9n\u00e9rique de fin, d&rsquo;essayer vainement de les identifier. On ne nous explique gu\u00e8re ce que l&rsquo;on voit, qui en est le r\u00e9alisateur, de quel moment du cin\u00e9ma ces images sont embl\u00e9matiques&#8230;. Peut-\u00eatre les sp\u00e9cialistes &#8211; mais il n&rsquo;y en a gu\u00e8re &#8211; se p\u00e2meront-ils ; quant aux ignorants &#8211; et ils sont, comme moi, nombreux, je le crains &#8211; n&rsquo;y comprendront pas grand-chose.<\/p>\n<p>Mais il y a pire : la voix off de Fanny Ardant (c&rsquo;est Isabella Rossellini qui joue dans la version italienne du documentaire). Outre que ses roucoulades aristocratiques m&rsquo;ont toujours exasp\u00e9r\u00e9 &#8211; sentiment dont je reconnais volontiers la part de subjectivit\u00e9 &#8211; les textes qu&rsquo;elle lit sont difficiles \u00e0 identifier. On comprend, mais pas toujours, qu&rsquo;il s&rsquo;agit d&rsquo;\u00e9crits critiques sur le cin\u00e9ma &#8211; par exemple de Pirandello &#8211; ou de t\u00e9moignages de contemporains &#8211; Pastrone racontant la r\u00e9alisation de <em>Cabiria<\/em> ou Fellini d\u00e9couvrant, dans les bras de son p\u00e8re, \u00e0 six ans, dans une salle de Rimini, <em>Maciste<\/em>.<\/p>\n<p><a href=\"https:\/\/www.allocine.fr\/video\/player_gen_cmedia=19599880&amp;cfilm=299055.html\">La bande-annonce<\/a><\/p>\n","protected":false},"excerpt":{"rendered":"<p>Plus de dix mille films muets furent tourn\u00e9s en Italie entre 1896 et 1930. Les n\u00e9gatifs, conserv\u00e9s \u00e0 l&rsquo;Institut cin\u00e9matographique italien, furent emport\u00e9s \u00e0 Berlin en 1943 et d\u00e9truits pendant la lib\u00e9ration de l&rsquo;Allemagne. C&rsquo;est au prix d&rsquo;un patient travail d&rsquo;investigation, dans les cin\u00e9math\u00e8ques du monde entier et dans les collections priv\u00e9es, que deux documentaristes [&hellip;]<\/p>\n","protected":false},"author":1,"featured_media":0,"comment_status":"open","ping_status":"open","sticky":false,"template":"","format":"standard","meta":{"footnotes":""},"categories":[102,105],"tags":[],"class_list":["post-19295","post","type-post","status-publish","format-standard","hentry","category-films-sortis-en-2023","category-films-sortis-en-mars-2023"],"_links":{"self":[{"href":"https:\/\/un-film-un-jour.com\/index.php\/wp-json\/wp\/v2\/posts\/19295","targetHints":{"allow":["GET"]}}],"collection":[{"href":"https:\/\/un-film-un-jour.com\/index.php\/wp-json\/wp\/v2\/posts"}],"about":[{"href":"https:\/\/un-film-un-jour.com\/index.php\/wp-json\/wp\/v2\/types\/post"}],"author":[{"embeddable":true,"href":"https:\/\/un-film-un-jour.com\/index.php\/wp-json\/wp\/v2\/users\/1"}],"replies":[{"embeddable":true,"href":"https:\/\/un-film-un-jour.com\/index.php\/wp-json\/wp\/v2\/comments?post=19295"}],"version-history":[{"count":7,"href":"https:\/\/un-film-un-jour.com\/index.php\/wp-json\/wp\/v2\/posts\/19295\/revisions"}],"predecessor-version":[{"id":19637,"href":"https:\/\/un-film-un-jour.com\/index.php\/wp-json\/wp\/v2\/posts\/19295\/revisions\/19637"}],"wp:attachment":[{"href":"https:\/\/un-film-un-jour.com\/index.php\/wp-json\/wp\/v2\/media?parent=19295"}],"wp:term":[{"taxonomy":"category","embeddable":true,"href":"https:\/\/un-film-un-jour.com\/index.php\/wp-json\/wp\/v2\/categories?post=19295"},{"taxonomy":"post_tag","embeddable":true,"href":"https:\/\/un-film-un-jour.com\/index.php\/wp-json\/wp\/v2\/tags?post=19295"}],"curies":[{"name":"wp","href":"https:\/\/api.w.org\/{rel}","templated":true}]}}