{"id":19471,"date":"2023-04-13T06:29:35","date_gmt":"2023-04-13T05:29:35","guid":{"rendered":"http:\/\/un-film-un-jour.com\/?p=19471"},"modified":"2023-04-13T06:49:39","modified_gmt":"2023-04-13T05:49:39","slug":"toute-la-beaute-et-le-sang-verse","status":"publish","type":"post","link":"https:\/\/un-film-un-jour.com\/index.php\/2023\/04\/13\/toute-la-beaute-et-le-sang-verse\/","title":{"rendered":"Toute la beaut\u00e9 et le sang vers\u00e9 \u2605\u2605\u2606\u2606"},"content":{"rendered":"<p><img loading=\"lazy\" decoding=\"async\" class=\"alignleft size-medium\" src=\"https:\/\/fr.web.img6.acsta.net\/r_1920_1080\/pictures\/23\/02\/06\/10\/12\/3602584.jpg\" width=\"317\" height=\"430\" \/>Laure Poitras, documentariste engag\u00e9e, qui d\u00e9crivit les conditions de vie en Irak sous occupation am\u00e9ricaine (<em>My Country, my country<\/em>), enqu\u00eata \u00e0 Guantanamo (<em>The Oath<\/em>) et d\u00e9fendit Snowden (<em>Citizenfour<\/em>) consacre son dernier documentaire \u00e0 la grande photographe Nan Goldin.<\/p>\n<p><em>Toute la beaut\u00e9 et le sang vers\u00e9<\/em> a un titre po\u00e9tique en diable (j&rsquo;ai cherch\u00e9 sans succ\u00e8s son origine chez les grands po\u00e8tes du XIX\u00e8me si\u00e8cle). Il emprunte \u00e0 une ligne du journal de Barbara, la s\u0153ur lesbienne de Nan, dont le suicide \u00e0 dix-huit ans a durablement traumatis\u00e9 sa cadette.<\/p>\n<p>Ce documentaire tisse deux histoires. La premi\u00e8re est celle de la vie et de l&rsquo;oeuvre de l&rsquo;artiste, n\u00e9e dans une famille dysfonctionnelle du Massachusetts dont elle r\u00e9ussit \u00e0 s&rsquo;enfuir \u00e0 quatorze ans \u00e0 peine pour plonger dans l&rsquo;Underground new-yorkais. Les photos violentes et crues qu&rsquo;elle y prend la rendent vite c\u00e9l\u00e8bre au point d&rsquo;\u00eatre expos\u00e9e aujourd&rsquo;hui dans les mus\u00e9es et les galeries les plus prestigieuses au monde.<\/p>\n<p>La seconde est la croisade dont Nan Goldin a pris la t\u00eate contre la famille Sackler et la compagnie pharmaceutique <em>Purdue<\/em> qui a fabriqu\u00e9 et commercialis\u00e9 dans les 90ies l&rsquo;<em>OxyContin<\/em>, un opio\u00efde qui, sous couvert de soigner la douleur, a provoqu\u00e9 chez ses consommateurs des addictions parfois l\u00e9tales. En particulier, Nan Goldin et l&rsquo;association PAIN (<em>Prescription Addiction Intervention Now<\/em>) qu&rsquo;elle a fond\u00e9e ont milit\u00e9 pour que les grands mus\u00e9es tels que le <em>Guggenheim<\/em>, le <em>Met<\/em>, la <em>National Gallery<\/em> de Londres ou le Louvre, refusent les dons de la famille Sackler et d\u00e9baptisent les salles auxquelles ils avaient donn\u00e9 son nom.<\/p>\n<p>Nan Goldin avoue ressentir de la \u00ab\u00a0haine\u00a0\u00bb pour la famille Sackler. Un tel sentiment a-t-il sa place dans l&rsquo;action politique ? N&rsquo;est-il pas de nature \u00e0 alt\u00e9rer l&rsquo;objectivit\u00e9 qu&rsquo;elle devrait toujours conserver ? Pour autant, la saine col\u00e8re qui l&rsquo;anime et qui l&rsquo;animait d\u00e9j\u00e0 dans les 80ies lors de son engagement aupr\u00e8s de ActUp dont PAIN reproduit les modalit\u00e9s d&rsquo;action non violentes &#8211; notamment les die-ins &#8211; force l&rsquo;admiration.<br \/>\nUne r\u00e9serve toutefois : pourquoi se focaliser sur les mus\u00e9es qui avaient accept\u00e9 les dons de la famille Sackler ? Une fois que ces dons auront \u00e9t\u00e9 refus\u00e9s, qu&rsquo;adviendra-t-il de l&rsquo;argent des Sackler ? Ou, pour le dire autrement, pourquoi ne pas se focaliser sur le d\u00e9r\u00e9f\u00e9rencement de l&rsquo;<em>OxyContin<\/em>, l&rsquo;indemnisation des usagers de cette mol\u00e9cule, les poursuites p\u00e9nales diligent\u00e9es contre la famille Sackler plut\u00f4t que sur l&rsquo;usage philanthropique qu&rsquo;elle a fait des b\u00e9n\u00e9fices tir\u00e9s de la commercialisation de cet opio\u00efde ?<\/p>\n<p><a href=\"https:\/\/www.allocine.fr\/video\/player_gen_cmedia=19599767&amp;cfilm=306616.html\">La bande-annonce<\/a><\/p>\n","protected":false},"excerpt":{"rendered":"<p>Laure Poitras, documentariste engag\u00e9e, qui d\u00e9crivit les conditions de vie en Irak sous occupation am\u00e9ricaine (My Country, my country), enqu\u00eata \u00e0 Guantanamo (The Oath) et d\u00e9fendit Snowden (Citizenfour) consacre son dernier documentaire \u00e0 la grande photographe Nan Goldin. Toute la beaut\u00e9 et le sang vers\u00e9 a un titre po\u00e9tique en diable (j&rsquo;ai cherch\u00e9 sans succ\u00e8s [&hellip;]<\/p>\n","protected":false},"author":1,"featured_media":0,"comment_status":"open","ping_status":"open","sticky":false,"template":"","format":"standard","meta":{"footnotes":""},"categories":[102,105],"tags":[],"class_list":["post-19471","post","type-post","status-publish","format-standard","hentry","category-films-sortis-en-2023","category-films-sortis-en-mars-2023"],"_links":{"self":[{"href":"https:\/\/un-film-un-jour.com\/index.php\/wp-json\/wp\/v2\/posts\/19471","targetHints":{"allow":["GET"]}}],"collection":[{"href":"https:\/\/un-film-un-jour.com\/index.php\/wp-json\/wp\/v2\/posts"}],"about":[{"href":"https:\/\/un-film-un-jour.com\/index.php\/wp-json\/wp\/v2\/types\/post"}],"author":[{"embeddable":true,"href":"https:\/\/un-film-un-jour.com\/index.php\/wp-json\/wp\/v2\/users\/1"}],"replies":[{"embeddable":true,"href":"https:\/\/un-film-un-jour.com\/index.php\/wp-json\/wp\/v2\/comments?post=19471"}],"version-history":[{"count":6,"href":"https:\/\/un-film-un-jour.com\/index.php\/wp-json\/wp\/v2\/posts\/19471\/revisions"}],"predecessor-version":[{"id":19537,"href":"https:\/\/un-film-un-jour.com\/index.php\/wp-json\/wp\/v2\/posts\/19471\/revisions\/19537"}],"wp:attachment":[{"href":"https:\/\/un-film-un-jour.com\/index.php\/wp-json\/wp\/v2\/media?parent=19471"}],"wp:term":[{"taxonomy":"category","embeddable":true,"href":"https:\/\/un-film-un-jour.com\/index.php\/wp-json\/wp\/v2\/categories?post=19471"},{"taxonomy":"post_tag","embeddable":true,"href":"https:\/\/un-film-un-jour.com\/index.php\/wp-json\/wp\/v2\/tags?post=19471"}],"curies":[{"name":"wp","href":"https:\/\/api.w.org\/{rel}","templated":true}]}}