{"id":20064,"date":"2023-06-22T08:43:31","date_gmt":"2023-06-22T07:43:31","guid":{"rendered":"http:\/\/un-film-un-jour.com\/?p=20064"},"modified":"2023-06-22T09:59:53","modified_gmt":"2023-06-22T08:59:53","slug":"il-boemo","status":"publish","type":"post","link":"https:\/\/un-film-un-jour.com\/index.php\/2023\/06\/22\/il-boemo\/","title":{"rendered":"Il Boemo \u2605\u2605\u2606\u2606"},"content":{"rendered":"<p><img loading=\"lazy\" decoding=\"async\" class=\"alignleft size-medium\" src=\"https:\/\/fr.web.img4.acsta.net\/r_1920_1080\/pictures\/23\/04\/24\/15\/54\/1128024.jpg\" width=\"347\" height=\"430\" \/>Josef <span class=\"mw-page-title-main\">Myslive\u010dek<\/span>, un jeune compositeur tch\u00e8que bourr\u00e9 de talent, ne r\u00e9ussit pas \u00e0 percer en Italie \u00e0 la fin du XVIII\u00e8me si\u00e8cle. Pour vivre, il donne des cours de musique dans la Venise des Doges. Une de ses \u00e9l\u00e8ves veut le convaincre de l&rsquo;\u00e9pouser pour \u00e9viter le mariage que son p\u00e8re veut lui faire contracter avec un vieux barbon borgne et manque de se tuer quand <span class=\"mw-page-title-main\">Myslive\u010dek se refuse \u00e0 elle<\/span>. Le musicien, surnomm\u00e9 <span class=\"mw-page-title-main\">\u00ab\u00a0Il Boemo\u00a0\u00bb, du nom de la r\u00e9gion de Tch\u00e9quie dont il est originaire,<\/span><span class=\"mw-page-title-main\"> quitte Venise pour Naples o\u00f9 il retrouve la diva Caterina Gabrielli. Il compose pour elle et partage le lit de cette grande s\u00e9ductrice. S&rsquo;il croise le jeune Mozart \u00e0 Bologne en 1770 &#8211; lequel reconna\u00eetra plus tard sa dette envers lui &#8211; Myslive\u010dek meurt dans la mis\u00e8re \u00e0 Rome en 1781 rong\u00e9 par la syphilis.<\/span><\/p>\n<p>Je ne connaissais pas Josef <span class=\"mw-page-title-main\">Myslive\u010dek et la joyeuse bande d&rsquo;amis m\u00e9lomanes avec laquelle je suis all\u00e9 voir ce film dimanche dernier en avant-premi\u00e8re non plus, \u00e0 une rare et admirable exception pr\u00e8s. Tous en sont sortis enthousiastes et ont essay\u00e9 de me convaincre de lui attribuer trois \u00e9toiles durant le joyeux d\u00eener que nous avons partag\u00e9 ensemble.<\/span><\/p>\n<p><span class=\"mw-page-title-main\">Mais, t\u00eatu comme un \u00e2ne, je ne lui en conc\u00e8de que deux &#8211; et encore, j&rsquo;ai bien failli me limiter \u00e0 une seule.<\/span><\/p>\n<p><span class=\"mw-page-title-main\">J&rsquo;ai trouv\u00e9 bien des d\u00e9fauts \u00e0 ce long film italo-tch\u00e9co-slovaque (couvert de prix aux derniers <i><span class=\"lang-cs\" lang=\"cs\">\u010cesk\u00fd lev<\/span><\/i>, l&rsquo;\u00e9quivalent tch\u00e8que des C\u00e9sar) tourn\u00e9, certes en italien dans d&rsquo;improbables palais boh\u00e9miens ou moraves, avec des acteurs inconnus doubl\u00e9s par quelques grandes voix du r\u00e9pertoire baroque (l&rsquo;incontournable Philippe Jaroussky et la soprano slovaque Simona \u0160aturov\u00e1).<\/span><\/p>\n<p>Le premier est d&rsquo;avoir voulu mettre la lumi\u00e8re sur ce musicien tomb\u00e9 dans l&rsquo;oubli. Les plus f\u00e9rus de musique baroque s&rsquo;insurgeront peut-\u00eatre devant ce b\u00e9otisme revendiqu\u00e9. Je dois avouer ne pas conna\u00eetre grand chose \u00e0 la musique de cette \u00e9poque. Mais autant celle de l&rsquo;<em>Amadeus<\/em> de Forman m&rsquo;avait emport\u00e9 &#8211; sans parler ici de l&rsquo;interpr\u00e9tation d\u00e9lirante de Tom Hulce &#8211; au point que j&rsquo;en ai \u00e9cout\u00e9 pendant de longues ann\u00e9es la cassette audio sur le poste crachotant de ma premi\u00e8re voiture, autant celle de ce <em>Boemo<\/em> m&rsquo;a laiss\u00e9 de marbre.<\/p>\n<p>Le second est l&rsquo;ombre port\u00e9e de l&rsquo;autre immense chef d&rsquo;oeuvre dont <em>Il Boemo<\/em> revendique la filiation : <em>Barry Lyndon<\/em>. Son h\u00e9ros a les m\u00eames traits que Ryan O&rsquo;Neal. Ses costumes sont les m\u00eames, qui sont ceux de la seconde moiti\u00e9 du XVIII\u00e8me si\u00e8cle que l&rsquo;on retrouve aussi dans le <em>Casanova<\/em> de Fellini. Mais c&rsquo;est peu dire que Petr Vaclav, l&rsquo;obscur r\u00e9alisateur de <em>Il Boemo<\/em>, n&rsquo;a pas le g\u00e9nie de Stanley Kubrick et que son film n&rsquo;a pas le charme v\u00e9n\u00e9neux de celui de son illustre pr\u00e9d\u00e9cesseur.<\/p>\n<p><a href=\"https:\/\/www.allocine.fr\/video\/player_gen_cmedia=19601465&amp;cfilm=306841.html\">La bande-annonce<\/a><\/p>\n","protected":false},"excerpt":{"rendered":"<p>Josef Myslive\u010dek, un jeune compositeur tch\u00e8que bourr\u00e9 de talent, ne r\u00e9ussit pas \u00e0 percer en Italie \u00e0 la fin du XVIII\u00e8me si\u00e8cle. Pour vivre, il donne des cours de musique dans la Venise des Doges. Une de ses \u00e9l\u00e8ves veut le convaincre de l&rsquo;\u00e9pouser pour \u00e9viter le mariage que son p\u00e8re veut lui faire contracter [&hellip;]<\/p>\n","protected":false},"author":1,"featured_media":0,"comment_status":"open","ping_status":"open","sticky":false,"template":"","format":"standard","meta":{"footnotes":""},"categories":[102,108],"tags":[],"class_list":["post-20064","post","type-post","status-publish","format-standard","hentry","category-films-sortis-en-2023","category-films-sortis-en-juin-2023"],"_links":{"self":[{"href":"https:\/\/un-film-un-jour.com\/index.php\/wp-json\/wp\/v2\/posts\/20064","targetHints":{"allow":["GET"]}}],"collection":[{"href":"https:\/\/un-film-un-jour.com\/index.php\/wp-json\/wp\/v2\/posts"}],"about":[{"href":"https:\/\/un-film-un-jour.com\/index.php\/wp-json\/wp\/v2\/types\/post"}],"author":[{"embeddable":true,"href":"https:\/\/un-film-un-jour.com\/index.php\/wp-json\/wp\/v2\/users\/1"}],"replies":[{"embeddable":true,"href":"https:\/\/un-film-un-jour.com\/index.php\/wp-json\/wp\/v2\/comments?post=20064"}],"version-history":[{"count":8,"href":"https:\/\/un-film-un-jour.com\/index.php\/wp-json\/wp\/v2\/posts\/20064\/revisions"}],"predecessor-version":[{"id":20151,"href":"https:\/\/un-film-un-jour.com\/index.php\/wp-json\/wp\/v2\/posts\/20064\/revisions\/20151"}],"wp:attachment":[{"href":"https:\/\/un-film-un-jour.com\/index.php\/wp-json\/wp\/v2\/media?parent=20064"}],"wp:term":[{"taxonomy":"category","embeddable":true,"href":"https:\/\/un-film-un-jour.com\/index.php\/wp-json\/wp\/v2\/categories?post=20064"},{"taxonomy":"post_tag","embeddable":true,"href":"https:\/\/un-film-un-jour.com\/index.php\/wp-json\/wp\/v2\/tags?post=20064"}],"curies":[{"name":"wp","href":"https:\/\/api.w.org\/{rel}","templated":true}]}}