{"id":2034,"date":"2019-06-03T09:32:08","date_gmt":"2019-06-03T08:32:08","guid":{"rendered":"http:\/\/un-film-un-jour.com\/?p=2034"},"modified":"2020-07-22T19:07:33","modified_gmt":"2020-07-22T18:07:33","slug":"un-tramway-a-jerusalem","status":"publish","type":"post","link":"https:\/\/un-film-un-jour.com\/index.php\/2019\/06\/03\/un-tramway-a-jerusalem\/","title":{"rendered":"Un tramway \u00e0 J\u00e9rusalem \u2605\u2606\u2606\u2606"},"content":{"rendered":"<p><img loading=\"lazy\" decoding=\"async\" width=\"317\" height=\"430\" class=\"alignleft\" src=\"http:\/\/fr.web.img6.acsta.net\/r_1920_1080\/pictures\/19\/04\/09\/11\/27\/2394040.jpg\">Amos Gita\u00ef plante sa cam\u00e9ra dans le tout neuf tramway de J\u00e9rusalem et traverse la ville d&rsquo;est en ouest. On s&rsquo;attend \u00e0 un documentaire ; mais il s&rsquo;agit bien d&rsquo;une fiction tourn\u00e9e avec des acteurs professionnels. Chacun a droit \u00e0 sa sayn\u00e8te : on reconna\u00eet Mathieu Amalric qui lit \u00e0 son fils &#8211; qui n&rsquo;en a pas grand-chose \u00e0 fiche &#8211; le journal de Flaubert, Yael Abecassis, Menahem Lang (le h\u00e9ros de <a href=\"https:\/\/un-film-un-jour.com\/index.php\/2019\/03\/22\/m-2\/\"><em>M<\/em><\/a> le documentaire coup de poing de Yolande Zauberman). On voit un Juif orthodoxe faire l&rsquo;ex\u00e9g\u00e8se d&rsquo;un passage de la Torah, un couple se s\u00e9parer violemment, un jeune homme embrasser une derni\u00e8re fois sa fianc\u00e9e avant de partir \u00e0 l&rsquo;arm\u00e9e, un passager arabe violemment interpel\u00e9 par un agent de s\u00e9curit\u00e9, une Palestinienne pr\u00e9senter son passeport n\u00e9erlandais \u00e0 un contr\u00f4le d&rsquo;identit\u00e9, un pr\u00eatre italien revivre la Passion du Christ&#8230;<\/p>\n<p>Il y a vingt ans, Amos Gita\u00ef \u00e9tait le porte-drapeau d&rsquo;un cin\u00e9ma isra\u00e9lien encore confidentiel. Ses premiers films lui ouvrirent la porte des festivals internationaux et lui valurent une c\u00e9l\u00e9brit\u00e9 mondiale. Mais depuis une dizaine d&rsquo;ann\u00e9es, alors que le cin\u00e9ma isra\u00e9lien s&rsquo;est fait conna\u00eetre \u00e0 travers d&rsquo;autres r\u00e9alisateurs, la veine artistique d&rsquo;Amos Gita\u00ef s&rsquo;est tarie.<\/p>\n<p>J&rsquo;avais d\u00e9test\u00e9 <a href=\"https:\/\/un-film-un-jour.com\/index.php\/2016\/02\/28\/le-dernier-jour-dyitzakh-rabin\/\"><em>Le Dernier Jour d&rsquo;Yitzhak Rabin<\/em><\/a>, m\u00e9lange trop long et maladroit de documentaire et de fiction. Je n&rsquo;ai pas aim\u00e9 <em>Un tramway \u00e0 J\u00e9rusalem<\/em>, assemblage paresseux et artificiel de sc\u00e8nes mont\u00e9es sans souci de coh\u00e9rence. Ceux qui esp\u00e8rent voir la J\u00e9rusalem \u00e9ternelle seront d\u00e9\u00e7us : Amos Gita\u00ef ne quitte jamais le tramway et ses environs imm\u00e9diats et se refuse d&rsquo;aller filmer le reste de la ville.<\/p>\n<p>La construction du tramway qui traverse J\u00e9rusalem-Est a soulev\u00e9 de d\u00e9licates questions juridiques. Pour ses opposants, sa construction l\u00e9gitime la reconnaissance des colonies juives install\u00e9es sur des territoires dont l&rsquo;annexion n&rsquo;a pas \u00e9t\u00e9 reconnue par la communaut\u00e9 internationale. Des actions en responsabilit\u00e9 ont \u00e9t\u00e9 engag\u00e9es en France, contre Veolia et Alstom devant les tribunaux civils, contre l\u2019\u00c9tat devant les tribunaux administratifs (H\u00e9l\u00e8ne de Pooter, \u00ab\u00a0L\u2019affaire du tramway de J\u00e9rusalem devant les tribunaux fran\u00e7ais\u00a0\u00bb, <em>Annuaire fran\u00e7ais de droit international<\/em>, volume 60, 2014. pp. 45-70). H\u00e9las le documentaire d&rsquo;Amos Gita\u00ef n&rsquo;en dit pas un mot.<\/p>\n<p><a href=\"http:\/\/www.allocine.fr\/video\/player_gen_cmedia=19582837&amp;cfilm=263983.html\">La bande-annonce<\/a><\/p>\n","protected":false},"excerpt":{"rendered":"<p>Amos Gita\u00ef plante sa cam\u00e9ra dans le tout neuf tramway de J\u00e9rusalem et traverse la ville d&rsquo;est en ouest. On s&rsquo;attend \u00e0 un documentaire ; mais il s&rsquo;agit bien d&rsquo;une fiction tourn\u00e9e avec des acteurs professionnels. Chacun a droit \u00e0 sa sayn\u00e8te : on reconna\u00eet Mathieu Amalric qui lit \u00e0 son fils &#8211; qui n&rsquo;en [&hellip;]<\/p>\n","protected":false},"author":1,"featured_media":0,"comment_status":"open","ping_status":"open","sticky":false,"template":"","format":"standard","meta":{"footnotes":""},"categories":[47,52],"tags":[],"class_list":["post-2034","post","type-post","status-publish","format-standard","hentry","category-films-sortis-en-2019","category-films-sortis-en-avrl-2019"],"_links":{"self":[{"href":"https:\/\/un-film-un-jour.com\/index.php\/wp-json\/wp\/v2\/posts\/2034","targetHints":{"allow":["GET"]}}],"collection":[{"href":"https:\/\/un-film-un-jour.com\/index.php\/wp-json\/wp\/v2\/posts"}],"about":[{"href":"https:\/\/un-film-un-jour.com\/index.php\/wp-json\/wp\/v2\/types\/post"}],"author":[{"embeddable":true,"href":"https:\/\/un-film-un-jour.com\/index.php\/wp-json\/wp\/v2\/users\/1"}],"replies":[{"embeddable":true,"href":"https:\/\/un-film-un-jour.com\/index.php\/wp-json\/wp\/v2\/comments?post=2034"}],"version-history":[{"count":8,"href":"https:\/\/un-film-un-jour.com\/index.php\/wp-json\/wp\/v2\/posts\/2034\/revisions"}],"predecessor-version":[{"id":12320,"href":"https:\/\/un-film-un-jour.com\/index.php\/wp-json\/wp\/v2\/posts\/2034\/revisions\/12320"}],"wp:attachment":[{"href":"https:\/\/un-film-un-jour.com\/index.php\/wp-json\/wp\/v2\/media?parent=2034"}],"wp:term":[{"taxonomy":"category","embeddable":true,"href":"https:\/\/un-film-un-jour.com\/index.php\/wp-json\/wp\/v2\/categories?post=2034"},{"taxonomy":"post_tag","embeddable":true,"href":"https:\/\/un-film-un-jour.com\/index.php\/wp-json\/wp\/v2\/tags?post=2034"}],"curies":[{"name":"wp","href":"https:\/\/api.w.org\/{rel}","templated":true}]}}