{"id":20720,"date":"2023-09-07T06:34:37","date_gmt":"2023-09-07T05:34:37","guid":{"rendered":"https:\/\/un-film-un-jour.com\/?p=20720"},"modified":"2023-09-07T06:34:45","modified_gmt":"2023-09-07T05:34:45","slug":"vera","status":"publish","type":"post","link":"https:\/\/un-film-un-jour.com\/index.php\/2023\/09\/07\/vera\/","title":{"rendered":"Vera \u2605\u2605\u2605\u2606"},"content":{"rendered":"<p><img loading=\"lazy\" decoding=\"async\" class=\"alignleft size-medium\" src=\"https:\/\/fr.web.img6.acsta.net\/r_1920_1080\/pictures\/23\/06\/02\/09\/41\/1417272.jpg\" width=\"347\" height=\"430\" \/>La cinquantaine d\u00e9j\u00e0 bien entam\u00e9e, Vera Gemma est la fille de Giuliano Gemma, acteur iconique de s\u00e9ries B italiennes, de p\u00e9plums et de westerns spaghettis dans les 60ies et 70ies. Vera a souffert toute sa vie de l&rsquo;ombre envahissante de ce p\u00e8re adul\u00e9. Elle a tent\u00e9 en vain de marcher sur ses pas, multipliant les ridectomies et les mammoplasties au risque de se d\u00e9figurer, courant sans succ\u00e8s les castings o\u00f9 son manque de talent et son visage de drag queen l&rsquo;ont condamn\u00e9e \u00e0 d&rsquo;humiliantes rebuffades. Menant grand train, elle a peu \u00e0 peu dilapid\u00e9 l&rsquo;h\u00e9ritage paternel, ne gardant de son luxe pass\u00e9 qu&rsquo;un appartement dans le centre de Rome et un vieux chauffeur, Walter, qui lui est indissolublement fid\u00e8le. Elle n&rsquo;a jamais eu de compagnon stable, sinon des gigolos qui tentaient d&rsquo;abuser de sa richesse, ni d&rsquo;enfant.<br \/>\nLorsque son chemin croise Daniel, d\u00e9monteur automobile dans une casse, et Manuel son fils de huit ans, l&rsquo;espoir ressurgit de cr\u00e9er un embryon de famille.<\/p>\n<p>Il a fallu un sacr\u00e9 courage \u00e0 Vera Gemma pour accepter le d\u00e9fi culott\u00e9 que lui a lanc\u00e9 un couple de documentaristes austro-italiens : tourner un film de fiction la mettant en sc\u00e8ne, sous son vrai nom et dans son propre r\u00f4le, sans la magnifier, sans la caricaturer non plus, mais sans rien cacher de ses d\u00e9fauts a priori r\u00e9dhibitoires : une \u00ab\u00a0fille de\u00a0\u00bb remplie de complexes, au visage monstrueux, qui n&rsquo;aura jamais r\u00e9ussi \u00e0 s&rsquo;affranchir de l&rsquo;ombre envahissante de sa star de p\u00e8re.<\/p>\n<p><em>Vera<\/em> s&rsquo;inscrit sur la ligne tr\u00e8s floue qui s\u00e9pare le documentaire de la fiction. Ce n&rsquo;est pas tout \u00e0 fait un documentaire qui raconterait, par le commencement, la vie de Vera, en convoquant des images d&rsquo;archives et en encha\u00eenant les t\u00e9moignages de ses proches. Mais ce n&rsquo;est pas un authentique film de fiction tant son h\u00e9ro\u00efne ressemble &#8211; ou du moins semble ressembler &#8211; \u00e0 son actrice.<\/p>\n<p>Le sc\u00e9nario, tel que je l&rsquo;ai pitch\u00e9, pouvait laisser craindre le pire : la r\u00e9demption de Vera, comme m\u00e8re et comme \u00e9pouse, avec le jeune Manuel et le t\u00e9n\u00e9breux Daniel. Je risque de trop en r\u00e9v\u00e9ler en disant du sc\u00e9nario qu&rsquo;il nous r\u00e9servera une surprise bienvenue, aussi am\u00e8re soit-elle.<\/p>\n<p><a href=\"https:\/\/www.allocine.fr\/video\/player_gen_cmedia=19601444&amp;cfilm=306596.html\">La bande-annonce<\/a><\/p>\n","protected":false},"excerpt":{"rendered":"<p>La cinquantaine d\u00e9j\u00e0 bien entam\u00e9e, Vera Gemma est la fille de Giuliano Gemma, acteur iconique de s\u00e9ries B italiennes, de p\u00e9plums et de westerns spaghettis dans les 60ies et 70ies. Vera a souffert toute sa vie de l&rsquo;ombre envahissante de ce p\u00e8re adul\u00e9. Elle a tent\u00e9 en vain de marcher sur ses pas, multipliant les [&hellip;]<\/p>\n","protected":false},"author":1,"featured_media":0,"comment_status":"open","ping_status":"open","sticky":false,"template":"","format":"standard","meta":{"footnotes":""},"categories":[102,109],"tags":[],"class_list":["post-20720","post","type-post","status-publish","format-standard","hentry","category-films-sortis-en-2023","category-films-sortis-en-aout-2023"],"_links":{"self":[{"href":"https:\/\/un-film-un-jour.com\/index.php\/wp-json\/wp\/v2\/posts\/20720","targetHints":{"allow":["GET"]}}],"collection":[{"href":"https:\/\/un-film-un-jour.com\/index.php\/wp-json\/wp\/v2\/posts"}],"about":[{"href":"https:\/\/un-film-un-jour.com\/index.php\/wp-json\/wp\/v2\/types\/post"}],"author":[{"embeddable":true,"href":"https:\/\/un-film-un-jour.com\/index.php\/wp-json\/wp\/v2\/users\/1"}],"replies":[{"embeddable":true,"href":"https:\/\/un-film-un-jour.com\/index.php\/wp-json\/wp\/v2\/comments?post=20720"}],"version-history":[{"count":5,"href":"https:\/\/un-film-un-jour.com\/index.php\/wp-json\/wp\/v2\/posts\/20720\/revisions"}],"predecessor-version":[{"id":20782,"href":"https:\/\/un-film-un-jour.com\/index.php\/wp-json\/wp\/v2\/posts\/20720\/revisions\/20782"}],"wp:attachment":[{"href":"https:\/\/un-film-un-jour.com\/index.php\/wp-json\/wp\/v2\/media?parent=20720"}],"wp:term":[{"taxonomy":"category","embeddable":true,"href":"https:\/\/un-film-un-jour.com\/index.php\/wp-json\/wp\/v2\/categories?post=20720"},{"taxonomy":"post_tag","embeddable":true,"href":"https:\/\/un-film-un-jour.com\/index.php\/wp-json\/wp\/v2\/tags?post=20720"}],"curies":[{"name":"wp","href":"https:\/\/api.w.org\/{rel}","templated":true}]}}