{"id":21002,"date":"2023-10-02T06:36:28","date_gmt":"2023-10-02T05:36:28","guid":{"rendered":"http:\/\/un-film-un-jour.com\/?p=21002"},"modified":"2023-10-03T04:25:45","modified_gmt":"2023-10-03T03:25:45","slug":"au-clemenceau","status":"publish","type":"post","link":"https:\/\/un-film-un-jour.com\/index.php\/2023\/10\/02\/au-clemenceau\/","title":{"rendered":"Au Cl\u00e9menceau \u2605\u2606\u2606\u2606"},"content":{"rendered":"<p><img loading=\"lazy\" decoding=\"async\" class=\"alignleft size-medium\" src=\"https:\/\/fr.web.img4.acsta.net\/r_1920_1080\/pictures\/23\/09\/20\/10\/16\/1908633.jpg\" width=\"347\" height=\"430\" \/>Le documentariste Xavier Gayan a pos\u00e9 sa cam\u00e9ra \u00e0 Saint-Rapha\u00eal, dans le bar PMU de son ami Georges, rencontr\u00e9 quelques ann\u00e9es plus t\u00f4t sur le chemin de Compostelle. Georges a achet\u00e9 ce bar pour sa fille, Neige, qui avait alors vingt-et-un ans seulement et qui venait d&rsquo;interrompre ses \u00e9tudes. Neige l&rsquo;a g\u00e9r\u00e9 pendant plus de dix ans avant, essor\u00e9e, de passer la main \u00e0 son vieux p\u00e8re.<br \/>\nAu Cl\u00e9menceau, Xavier Gayan et son chef-op\u00e9rateur discutent avec les habitu\u00e9s. La plupart, caboss\u00e9s par la vie, souffrent d&rsquo;addictions \u00e0 l&rsquo;alcool, au tabac, au jeu. Ils t\u00e9moignent d&rsquo;un lourd pass\u00e9 de violences familiales, conjugales et de troubles psychiatriques. Si le bar o\u00f9 ils se retrouvent constitue pour eux un cocon protecteur, c&rsquo;est aussi le lieu o\u00f9 ils s&rsquo;adonnent \u00e0 leur vice pla\u00e7ant le buraliste face \u00e0 ses responsabilit\u00e9s.<\/p>\n<p><em>Au Cl\u00e9menceau<\/em> m&rsquo;aurait enthousiasm\u00e9 si je n&rsquo;avais pas vu, six mois plus t\u00f4t <a href=\"https:\/\/un-film-un-jour.com\/index.php\/2023\/03\/24\/atlantic-bar\/\"><em>Atlantic Bar<\/em><\/a>, un documentaire en tous points similaire tourn\u00e9 dans un bar arl\u00e9sien, qui pr\u00e9sentait en outre par rapport \u00e0 lui l&rsquo;avantage de brosser le portrait des propri\u00e9taires, alcooliques au bord de la rechute, figures plus m\u00e9lodramatiques que Georges et Neige.<\/p>\n<p>Peut-on reprocher \u00e0 un film d&rsquo;\u00eatre sorti apr\u00e8s un autre et de trop lui ressembler ? peut-on le faire alors que les spectateurs n&rsquo;auront pas tous vu le premier ? Pour le dire plus g\u00e9n\u00e9ralement, la critique cin\u00e9matographique doit-elle juger un film exclusivement sur ses propres m\u00e9rites ou, au contraire, a-t-elle le droit sinon le devoir de le replacer dans l&rsquo;actualit\u00e9 des sorties et de le juger en fonction d&rsquo;autres \u0153uvres que le lecteur n&rsquo;a pas n\u00e9cessairement vues ? La question se pose.<\/p>\n<p>La critique que j&rsquo;adresse \u00e0\u00a0 ce film est donc tr\u00e8s subjective. Je reproche \u00e0 <em>Au Cl\u00e9menceau<\/em> d&rsquo;\u00eatre le d\u00e9calque d&rsquo;<em>Atlantic Bar<\/em>. Ils traitent tous les deux du m\u00eame sujet, cette France p\u00e9riph\u00e9rique, cette France des laiss\u00e9s-pour-compte, telle que Florence Aubenas a le don de la raconter dans ses articles et dans ses livres.<br \/>\nJ&rsquo;ai pourtant aim\u00e9 cette galerie de gueules cass\u00e9es, aussi attachantes qu&rsquo;horripilantes, qui ass\u00e8nent parfois, au milieu de beaucoup d&rsquo;\u00e2neries, des v\u00e9rit\u00e9s d\u00e9sarmantes et qui r\u00e9v\u00e8lent surtout beaucoup de souffrances.<\/p>\n<p>J&rsquo;ai conscience de faire \u00e0 ce film-l\u00e0 un reproche injuste. Il a \u00e9t\u00e9 tourn\u00e9 en janvier 2019, en pleine crise des Gilets jaunes qu&rsquo;il \u00e9voque, avant <em>Atlantic Bar<\/em> sorti pourtant six mois plus t\u00f4t que lui ce printemps. Si la chronologie de leurs sorties avait \u00e9t\u00e9 invers\u00e9e, c&rsquo;est le m\u00eame reproche que j&rsquo;aurais adress\u00e9 \u00e0 <em>Atlantic Bar<\/em>.<\/p>\n<p><a href=\"https:\/\/www.allocine.fr\/video\/player_gen_cmedia=19600127&amp;cfilm=313787.html\">La bande-annonce<\/a><\/p>\n","protected":false},"excerpt":{"rendered":"<p>Le documentariste Xavier Gayan a pos\u00e9 sa cam\u00e9ra \u00e0 Saint-Rapha\u00eal, dans le bar PMU de son ami Georges, rencontr\u00e9 quelques ann\u00e9es plus t\u00f4t sur le chemin de Compostelle. Georges a achet\u00e9 ce bar pour sa fille, Neige, qui avait alors vingt-et-un ans seulement et qui venait d&rsquo;interrompre ses \u00e9tudes. Neige l&rsquo;a g\u00e9r\u00e9 pendant plus de [&hellip;]<\/p>\n","protected":false},"author":1,"featured_media":0,"comment_status":"open","ping_status":"open","sticky":false,"template":"","format":"standard","meta":{"footnotes":""},"categories":[102,111],"tags":[],"class_list":["post-21002","post","type-post","status-publish","format-standard","hentry","category-films-sortis-en-2023","category-films-sortis-en-septembre-2023"],"_links":{"self":[{"href":"https:\/\/un-film-un-jour.com\/index.php\/wp-json\/wp\/v2\/posts\/21002","targetHints":{"allow":["GET"]}}],"collection":[{"href":"https:\/\/un-film-un-jour.com\/index.php\/wp-json\/wp\/v2\/posts"}],"about":[{"href":"https:\/\/un-film-un-jour.com\/index.php\/wp-json\/wp\/v2\/types\/post"}],"author":[{"embeddable":true,"href":"https:\/\/un-film-un-jour.com\/index.php\/wp-json\/wp\/v2\/users\/1"}],"replies":[{"embeddable":true,"href":"https:\/\/un-film-un-jour.com\/index.php\/wp-json\/wp\/v2\/comments?post=21002"}],"version-history":[{"count":9,"href":"https:\/\/un-film-un-jour.com\/index.php\/wp-json\/wp\/v2\/posts\/21002\/revisions"}],"predecessor-version":[{"id":21048,"href":"https:\/\/un-film-un-jour.com\/index.php\/wp-json\/wp\/v2\/posts\/21002\/revisions\/21048"}],"wp:attachment":[{"href":"https:\/\/un-film-un-jour.com\/index.php\/wp-json\/wp\/v2\/media?parent=21002"}],"wp:term":[{"taxonomy":"category","embeddable":true,"href":"https:\/\/un-film-un-jour.com\/index.php\/wp-json\/wp\/v2\/categories?post=21002"},{"taxonomy":"post_tag","embeddable":true,"href":"https:\/\/un-film-un-jour.com\/index.php\/wp-json\/wp\/v2\/tags?post=21002"}],"curies":[{"name":"wp","href":"https:\/\/api.w.org\/{rel}","templated":true}]}}