{"id":21467,"date":"2024-06-27T07:59:14","date_gmt":"2024-06-27T06:59:14","guid":{"rendered":"http:\/\/un-film-un-jour.com\/?p=21467"},"modified":"2024-06-27T11:57:34","modified_gmt":"2024-06-27T10:57:34","slug":"les-petits-males","status":"publish","type":"post","link":"https:\/\/un-film-un-jour.com\/index.php\/2024\/06\/27\/les-petits-males\/","title":{"rendered":"Les Petits M\u00e2les \u2605\u2606\u2606\u2606"},"content":{"rendered":"<p><img loading=\"lazy\" decoding=\"async\" class=\"alignleft size-medium\" src=\"https:\/\/fr.web.img2.acsta.net\/r_1920_1080\/pictures\/23\/08\/31\/16\/54\/3822127.jpg\" width=\"347\" height=\"430\" \/>Le documentariste Laurent Metterie, \u00e9paul\u00e9 par sa femme, Camille Froidevaux-Metterie, philosophe sp\u00e9cialiste du f\u00e9minisme, est all\u00e9 interviewer une trentaine de gar\u00e7ons, entre sept et dix-huit ans. Il les a interrog\u00e9s sur les sujets qui sont aujourd&rsquo;hui au centre des grands d\u00e9bats f\u00e9ministes : les assignations de genre, l&rsquo;amiti\u00e9 et l&rsquo;amour, la sexualit\u00e9, les violences sexistes et sexuelles, le harc\u00e8lement, la fluidit\u00e9 des genres, le droit des LGTBQI&#8230; Il a \u00e9galement interview\u00e9 une demi-douzaine de femmes du quatri\u00e8me \u00e2ge, qui t\u00e9moignent de la condition f\u00e9minine qu&rsquo;elles ont v\u00e9cue au si\u00e8cle dernier et qu&rsquo;elles ont vu lentement \u00e9voluer. Entre ces interviews face cam\u00e9ra sont intercal\u00e9es des images muettes tourn\u00e9es en VHS dans les 70ies du r\u00e9alisateur, alors enfant, de ses parents et de leurs amis.<\/p>\n<p>Le r\u00e9sultat est tr\u00e8s acad\u00e9mique. Il n&rsquo;a aucune dimension cin\u00e9matographique et n&rsquo;en a d&rsquo;ailleurs pas la pr\u00e9tention. Ramen\u00e9 \u00e0 cinquante-deux minutes, il ferait un parfait documentaire de t\u00e9l\u00e9vision.<\/p>\n<p>Les \u00ab\u00a0petits m\u00e2les\u00a0\u00bb qui y sont interview\u00e9s ne sont pas, comme son titre pouvait le laisser augurer, des condens\u00e9s de machisme. Leurs r\u00e9actions sont tr\u00e8s diverses. Les plus jeunes sont les plus spontan\u00e9s et les plus touchants, m\u00eame si certaines de leurs saillies sont scandaleuses. Plus leur \u00e2ge avance, plus leur discours s&rsquo;uniformise sans qu&rsquo;on puisse avec certitude se convaincre, lorsqu&rsquo;ils \u00e9voquent le respect n\u00e9cessaire d\u00fb aux femmes, le refus de toute in\u00e9galit\u00e9, l&rsquo;attachement \u00e0 la libert\u00e9 de choisir sa sexualit\u00e9, qu&rsquo;il s&rsquo;agisse de leurs convictions intimes ou de la r\u00e9gurgitation plus ou moins fid\u00e8le du discours qu&rsquo;on leur a rab\u00e2ch\u00e9.<\/p>\n<p>Je ne suis pas convaincu par la d\u00e9marche de ce documentaire en d\u00e9pit de son objectif stimulant. Il \u00e9choue \u00e0 nous montrer ce que les jeunes gar\u00e7ons pensent r\u00e9ellement de ces sujets-l\u00e0. Son protocole trop contraint, qui n&rsquo;ose pas pousser les jeunes dans leurs retranchements, le condamne \u00e0 nous montrer ce qu&rsquo;ils nous resservent, pensant que ce discours-l\u00e0 est celui que nous adultes attendons d&rsquo;eux.<\/p>\n<p><a href=\"https:\/\/www.allocine.fr\/film\/fichefilm_gen_cfilm=317069.html\">La bande-annonce<\/a><\/p>\n","protected":false},"excerpt":{"rendered":"<p>Le documentariste Laurent Metterie, \u00e9paul\u00e9 par sa femme, Camille Froidevaux-Metterie, philosophe sp\u00e9cialiste du f\u00e9minisme, est all\u00e9 interviewer une trentaine de gar\u00e7ons, entre sept et dix-huit ans. Il les a interrog\u00e9s sur les sujets qui sont aujourd&rsquo;hui au centre des grands d\u00e9bats f\u00e9ministes : les assignations de genre, l&rsquo;amiti\u00e9 et l&rsquo;amour, la sexualit\u00e9, les violences sexistes [&hellip;]<\/p>\n","protected":false},"author":1,"featured_media":0,"comment_status":"open","ping_status":"open","sticky":false,"template":"","format":"standard","meta":{"footnotes":""},"categories":[102,113],"tags":[],"class_list":["post-21467","post","type-post","status-publish","format-standard","hentry","category-films-sortis-en-2023","category-films-sortis-en-novembre-2023"],"_links":{"self":[{"href":"https:\/\/un-film-un-jour.com\/index.php\/wp-json\/wp\/v2\/posts\/21467","targetHints":{"allow":["GET"]}}],"collection":[{"href":"https:\/\/un-film-un-jour.com\/index.php\/wp-json\/wp\/v2\/posts"}],"about":[{"href":"https:\/\/un-film-un-jour.com\/index.php\/wp-json\/wp\/v2\/types\/post"}],"author":[{"embeddable":true,"href":"https:\/\/un-film-un-jour.com\/index.php\/wp-json\/wp\/v2\/users\/1"}],"replies":[{"embeddable":true,"href":"https:\/\/un-film-un-jour.com\/index.php\/wp-json\/wp\/v2\/comments?post=21467"}],"version-history":[{"count":8,"href":"https:\/\/un-film-un-jour.com\/index.php\/wp-json\/wp\/v2\/posts\/21467\/revisions"}],"predecessor-version":[{"id":23348,"href":"https:\/\/un-film-un-jour.com\/index.php\/wp-json\/wp\/v2\/posts\/21467\/revisions\/23348"}],"wp:attachment":[{"href":"https:\/\/un-film-un-jour.com\/index.php\/wp-json\/wp\/v2\/media?parent=21467"}],"wp:term":[{"taxonomy":"category","embeddable":true,"href":"https:\/\/un-film-un-jour.com\/index.php\/wp-json\/wp\/v2\/categories?post=21467"},{"taxonomy":"post_tag","embeddable":true,"href":"https:\/\/un-film-un-jour.com\/index.php\/wp-json\/wp\/v2\/tags?post=21467"}],"curies":[{"name":"wp","href":"https:\/\/api.w.org\/{rel}","templated":true}]}}