{"id":21993,"date":"2024-01-30T06:43:34","date_gmt":"2024-01-30T05:43:34","guid":{"rendered":"https:\/\/un-film-un-jour.com\/?p=21993"},"modified":"2024-01-30T07:25:59","modified_gmt":"2024-01-30T06:25:59","slug":"le-dernier-des-juifs","status":"publish","type":"post","link":"https:\/\/un-film-un-jour.com\/index.php\/2024\/01\/30\/le-dernier-des-juifs\/","title":{"rendered":"Le Dernier des Juifs \u2605\u2605\u2606\u2606"},"content":{"rendered":"<p><img loading=\"lazy\" decoding=\"async\" class=\"alignleft size-medium\" src=\"https:\/\/fr.web.img5.acsta.net\/r_1920_1080\/pictures\/23\/11\/27\/10\/20\/4832823.jpg\" width=\"347\" height=\"430\" \/>\u00c0 vingt-sept ans Bellisha (Michael Zindel) vit encore chez sa m\u00e8re (Agn\u00e9 Jaoui), \u00e0 laquelle il sert de garde-malade, dans une tour HLM de la banlieue parisienne. Autour d&rsquo;eux, les Juifs s&rsquo;en sont all\u00e9s, d\u00e9m\u00e9nageant dans une banlieue plus chic ou partant en Isra\u00ebl faire leur <em>alya<\/em>. La synagogue a ferm\u00e9 faute de pratiquants et le commerce casher o\u00f9 Bellisha a l&rsquo;habitude de faire ses courses est vou\u00e9 lui aussi \u00e0 la faillite.<\/p>\n<p>Jeune sc\u00e9nariste talentueux, No\u00e9 Debr\u00e9, qui a sign\u00e9 la s\u00e9rie <a href=\"https:\/\/un-film-un-jour.com\/index.php\/2020\/04\/21\/parlement\/\"><em>Parlement<\/em> <\/a>sur France.tv r\u00e9alise son premier long. C&rsquo;est une com\u00e9die dr\u00f4le et grave \u00e0 la fois qui entrelace deux sujets. D&rsquo;une part le double portrait d&rsquo;un adulescent, d&rsquo;un Tanguy, incapable de quitter le nid familial et d&rsquo;une maman juive possessive comme on les aime, qui se meurt inexorablement d&rsquo;une n\u00e9phropathie, de leur attachement l&rsquo;un \u00e0 l&rsquo;autre et de leur in\u00e9luctable s\u00e9paration. D&rsquo;autre part, au-del\u00e0 de ce microcosme, un film sur la jud\u00e9it\u00e9 et la difficult\u00e9 de la vivre en milieu populaire dans la banlieue parisienne aujourd&rsquo;hui.<\/p>\n<p><em>Le Dernier des Juifs<\/em>, dont le titre joue intelligemment, comme le rel\u00e8ve Marie Sauvion dans <em>T\u00e9l\u00e9rama<\/em>, sur la polys\u00e9mie du mot dernier, ultime ou indigne, excelle dans le registre comique, sinon loufoque, en r\u00e9v\u00e9lant un nouvel acteur, Michael Zindel, qui joue \u00e0 merveille un adolescent sans \u00e2ge \u00e0 la vie r\u00e9gl\u00e9e de retrait\u00e9. Bellisha n&rsquo;a pas de travail. D&rsquo;ailleurs, quand son cousin lui propose de l&rsquo;accompagner dans ses tourn\u00e9es commerciales, il y s\u00e8me une joyeuse zizanie. Il n&rsquo;a pas de dipl\u00f4me non plus. Sans voiture, sans permis, sa seule occupation est de faire les courses pour sa m\u00e8re dans les commerces du coin. A-t-il une sexualit\u00e9 ? Il rend certes visite \u00e0 une voisine, gironde, arabe et mari\u00e9e, qui aime qu&rsquo;il lui susurre des mots sales en h\u00e9breu ; je m&rsquo;\u00e9tais demand\u00e9 si leur relation \u00e9tait platonique avant de lire des commentaires qui ne se posent pas cette question pudibonde. Sa jud\u00e9it\u00e9 est chancelante : Bellisha ne fr\u00e9quente pas la synagogue, ne parle gu\u00e8re l&rsquo;h\u00e9breu. Mais, pour sa m\u00e8re, cette identit\u00e9 obsidionale le d\u00e9finit.<\/p>\n<p>Certes, <em>Le Dernier des Juifs<\/em> n&rsquo;est pas manich\u00e9en. Avec un humour volontiers enclin \u00e0 l&rsquo;auto-d\u00e9rision, il raille le racisme dans lequel certains Juifs manquent de verser au nom pr\u00e9cis\u00e9ment de l&rsquo;anti-racisme. Il n&rsquo;en \u00e9vite pas pour autant les clich\u00e9s, pas toujours dr\u00f4les et parfois m\u00eame malaisants. Ainsi de la c\u00e9r\u00e9monie \u0153cum\u00e9nique qu&rsquo;une mairie bien-pensante veut \u00e0 tout prix organiser entre les diff\u00e9rents cultes.<\/p>\n<p><em>Le Dernier des Juifs<\/em> n&rsquo;est pas un chef d&rsquo;oeuvre inoubliable. Loin de l\u00e0. Il n&rsquo;en a pas d&rsquo;ailleurs l&rsquo;ambition. Il lui manque un sc\u00e9nario, une histoire qui fasse avancer le film dont le seul fil rouge, sans surprise ni tension, est la lente d\u00e9gradation de l&rsquo;\u00e9tat de sant\u00e9 de Giselle. Il n&rsquo;en reste pas moins une chronique dr\u00f4le et touchante sur la jud\u00e9it\u00e9, le vivre-ensemble et le deuil.<\/p>\n<p><a href=\"https:\/\/www.allocine.fr\/video\/player_gen_cmedia=19604405&amp;cfilm=298017.html\">La bande-annonce<\/a><\/p>\n","protected":false},"excerpt":{"rendered":"<p>\u00c0 vingt-sept ans Bellisha (Michael Zindel) vit encore chez sa m\u00e8re (Agn\u00e9 Jaoui), \u00e0 laquelle il sert de garde-malade, dans une tour HLM de la banlieue parisienne. Autour d&rsquo;eux, les Juifs s&rsquo;en sont all\u00e9s, d\u00e9m\u00e9nageant dans une banlieue plus chic ou partant en Isra\u00ebl faire leur alya. La synagogue a ferm\u00e9 faute de pratiquants et [&hellip;]<\/p>\n","protected":false},"author":1,"featured_media":0,"comment_status":"open","ping_status":"open","sticky":false,"template":"","format":"standard","meta":{"footnotes":""},"categories":[115,116],"tags":[],"class_list":["post-21993","post","type-post","status-publish","format-standard","hentry","category-films-sortis-en-2024","category-films-sortis-en-janvier-2024"],"_links":{"self":[{"href":"https:\/\/un-film-un-jour.com\/index.php\/wp-json\/wp\/v2\/posts\/21993","targetHints":{"allow":["GET"]}}],"collection":[{"href":"https:\/\/un-film-un-jour.com\/index.php\/wp-json\/wp\/v2\/posts"}],"about":[{"href":"https:\/\/un-film-un-jour.com\/index.php\/wp-json\/wp\/v2\/types\/post"}],"author":[{"embeddable":true,"href":"https:\/\/un-film-un-jour.com\/index.php\/wp-json\/wp\/v2\/users\/1"}],"replies":[{"embeddable":true,"href":"https:\/\/un-film-un-jour.com\/index.php\/wp-json\/wp\/v2\/comments?post=21993"}],"version-history":[{"count":5,"href":"https:\/\/un-film-un-jour.com\/index.php\/wp-json\/wp\/v2\/posts\/21993\/revisions"}],"predecessor-version":[{"id":22025,"href":"https:\/\/un-film-un-jour.com\/index.php\/wp-json\/wp\/v2\/posts\/21993\/revisions\/22025"}],"wp:attachment":[{"href":"https:\/\/un-film-un-jour.com\/index.php\/wp-json\/wp\/v2\/media?parent=21993"}],"wp:term":[{"taxonomy":"category","embeddable":true,"href":"https:\/\/un-film-un-jour.com\/index.php\/wp-json\/wp\/v2\/categories?post=21993"},{"taxonomy":"post_tag","embeddable":true,"href":"https:\/\/un-film-un-jour.com\/index.php\/wp-json\/wp\/v2\/tags?post=21993"}],"curies":[{"name":"wp","href":"https:\/\/api.w.org\/{rel}","templated":true}]}}