{"id":22340,"date":"2024-03-14T08:41:39","date_gmt":"2024-03-14T07:41:39","guid":{"rendered":"https:\/\/un-film-un-jour.com\/?p=22340"},"modified":"2024-03-14T09:15:30","modified_gmt":"2024-03-14T08:15:30","slug":"il-reste-encore-demain","status":"publish","type":"post","link":"https:\/\/un-film-un-jour.com\/index.php\/2024\/03\/14\/il-reste-encore-demain\/","title":{"rendered":"Il reste encore demain \u2605\u2605\u2605\u2606"},"content":{"rendered":"<p><img loading=\"lazy\" decoding=\"async\" class=\"alignleft size-medium\" src=\"https:\/\/fr.web.img5.acsta.net\/r_1920_1080\/pictures\/24\/01\/04\/15\/30\/4203338.jpg\" width=\"347\" height=\"430\" \/>Nous sommes au printemps 1946 dans le Testaccio, un quartier populaire du sud de Rome. Delia (Paola Cortellesi) y vit sous l&#8217;emprise de son mari, Ivano (Valerio Mastandrea). Elle \u00e9l\u00e8ve sa fille a\u00een\u00e9e qui est sur le point de se marier, au risque de reproduire les erreurs que sa m\u00e8re a commises, et deux gar\u00e7ons turbulents. Son mari, aussi machiste que violent, la bat comme pl\u00e2tre au vu et au su de ses trois enfants et de ses voisins qui n&rsquo;y peuvent mais. Delia r\u00eave \u00e0 la vie qu&rsquo;elle aurait pu avoir si elle avait \u00e9pous\u00e9 Nino, le m\u00e9canicien qui l&rsquo;avait courtis\u00e9e plus jeune et qui est toujours \u00e9pris d&rsquo;elle. Dans quelques jours se tiendra le r\u00e9f\u00e9rendum qui marquera la fin de la monarchie en Italie et auquel les femmes auront, pour la premi\u00e8re fois, le droit de participer.<\/p>\n<p><em>Il reste encore demain<\/em> nous vient d&rsquo;Italie o\u00f9 il a rencontr\u00e9 un succ\u00e8s \u00e9poustouflant. Sorti en octobre dernier, il y est devenu un ph\u00e9nom\u00e8ne de soci\u00e9t\u00e9, pl\u00e9biscit\u00e9 par plus de cinq millions d&rsquo;entr\u00e9es comme le proclame triomphalement son affiche fran\u00e7aise, au risque d&rsquo;en faire son principal argument de vente. C&rsquo;est le premier film de Paola Cortellesi, qui y interpr\u00e8te le r\u00f4le principal.<\/p>\n<p>C&rsquo;est un film \u00e9tonnant, qui m\u00e9rite amplement son succ\u00e8s.<br \/>\nC&rsquo;est bien s\u00fbr au premier chef un film f\u00e9ministe, dont la sortie en France co\u00efncide opportun\u00e9ment, \u00e0 quelques jours pr\u00e8s, avec la Journ\u00e9e internationale des droits des femmes. Le sort de son h\u00e9ro\u00efne brise le c\u0153ur. Sa r\u00e9silience suscite une empathie imm\u00e9diate. La conclusion du film, qu&rsquo;on imaginait se diriger gentiment vers une fin attendue, surprend et, \u00e0 la r\u00e9flexion, convainc.<\/p>\n<p>Mais c&rsquo;est surtout un film remarquablement mis en sc\u00e8ne, qui fait preuve d&rsquo;une ma\u00eetrise \u00e9tonnante pour une premi\u00e8re r\u00e9alisation. C&rsquo;est un film en noir et blanc et en format carr\u00e9, qui convoque par son esth\u00e9tique les grands classiques du n\u00e9o-r\u00e9alisme : Delia occupe un logement similaire \u00e0 celui de l&rsquo;h\u00e9ro\u00efne de <a href=\"https:\/\/un-film-un-jour.com\/index.php\/2024\/03\/05\/bellissima-1951\/\"><em>Bellissima<\/em><\/a>\u00a0de Visconti et, comme elle, administre des piq\u00fbres \u00e0 domicile \u00e0 ses patients. Comme Sofia Loren dans <em>Une journ\u00e9e particuli\u00e8re<\/em>, elle \u00e9tend son linge sur les toits plats de Rome, avec le monument \u00e0 Victor-Emmanuel II en arri\u00e8re-plan.<\/p>\n<p>Mais c&rsquo;est pour autant un film tr\u00e8s contemporain qui emprunte \u00e0 plusieurs genres : au naturalisme, au thriller (la derni\u00e8re sc\u00e8ne est construite autour d&rsquo;un suspense haletant) et m\u00eame \u00e0 la com\u00e9die musicale. La musique, tr\u00e8s riche, fait le pari &#8211; que je trouve moyennement convaincant &#8211; de l&rsquo;anachronisme.<\/p>\n<p>Un aspect du film m&rsquo;a chiffonn\u00e9. Ses personnages sont monolithiques : Ivano, comme son p\u00e8re, y est unanimement d\u00e9testable, Delia, comme sa fille, y est totalement admirable. Cette caract\u00e9risation prend en otage le spectateur, condamn\u00e9 \u00e0 ha\u00efr Ivano et \u00e0 prendre fait et cause pour Delia, autant qu&rsquo;il prive le film d&rsquo;une grande partie de sa subtilit\u00e9.<\/p>\n<p><a href=\"https:\/\/www.allocine.fr\/video\/player_gen_cmedia=19605050&amp;cfilm=321520.html\">La bande-annonce<\/a><\/p>\n","protected":false},"excerpt":{"rendered":"<p>Nous sommes au printemps 1946 dans le Testaccio, un quartier populaire du sud de Rome. Delia (Paola Cortellesi) y vit sous l&#8217;emprise de son mari, Ivano (Valerio Mastandrea). Elle \u00e9l\u00e8ve sa fille a\u00een\u00e9e qui est sur le point de se marier, au risque de reproduire les erreurs que sa m\u00e8re a commises, et deux gar\u00e7ons [&hellip;]<\/p>\n","protected":false},"author":1,"featured_media":0,"comment_status":"open","ping_status":"open","sticky":false,"template":"","format":"standard","meta":{"footnotes":""},"categories":[115,118],"tags":[],"class_list":["post-22340","post","type-post","status-publish","format-standard","hentry","category-films-sortis-en-2024","category-films-sortis-en-mars-2024"],"_links":{"self":[{"href":"https:\/\/un-film-un-jour.com\/index.php\/wp-json\/wp\/v2\/posts\/22340","targetHints":{"allow":["GET"]}}],"collection":[{"href":"https:\/\/un-film-un-jour.com\/index.php\/wp-json\/wp\/v2\/posts"}],"about":[{"href":"https:\/\/un-film-un-jour.com\/index.php\/wp-json\/wp\/v2\/types\/post"}],"author":[{"embeddable":true,"href":"https:\/\/un-film-un-jour.com\/index.php\/wp-json\/wp\/v2\/users\/1"}],"replies":[{"embeddable":true,"href":"https:\/\/un-film-un-jour.com\/index.php\/wp-json\/wp\/v2\/comments?post=22340"}],"version-history":[{"count":7,"href":"https:\/\/un-film-un-jour.com\/index.php\/wp-json\/wp\/v2\/posts\/22340\/revisions"}],"predecessor-version":[{"id":22409,"href":"https:\/\/un-film-un-jour.com\/index.php\/wp-json\/wp\/v2\/posts\/22340\/revisions\/22409"}],"wp:attachment":[{"href":"https:\/\/un-film-un-jour.com\/index.php\/wp-json\/wp\/v2\/media?parent=22340"}],"wp:term":[{"taxonomy":"category","embeddable":true,"href":"https:\/\/un-film-un-jour.com\/index.php\/wp-json\/wp\/v2\/categories?post=22340"},{"taxonomy":"post_tag","embeddable":true,"href":"https:\/\/un-film-un-jour.com\/index.php\/wp-json\/wp\/v2\/tags?post=22340"}],"curies":[{"name":"wp","href":"https:\/\/api.w.org\/{rel}","templated":true}]}}