{"id":23900,"date":"2024-09-13T06:48:04","date_gmt":"2024-09-13T05:48:04","guid":{"rendered":"http:\/\/un-film-un-jour.com\/?p=23900"},"modified":"2024-09-13T09:21:41","modified_gmt":"2024-09-13T08:21:41","slug":"anais-2-chapitres","status":"publish","type":"post","link":"https:\/\/un-film-un-jour.com\/index.php\/2024\/09\/13\/anais-2-chapitres\/","title":{"rendered":"Ana\u00efs 2 chapitres \u2605\u2605\u2605\u2606"},"content":{"rendered":"<p><img loading=\"lazy\" decoding=\"async\" class=\"alignleft size-medium\" src=\"https:\/\/fr.web.img6.acsta.net\/r_1920_1080\/img\/ab\/82\/ab827b7d94d89e20bf4cbd6c609a6be8.jpg\" width=\"347\" height=\"430\" \/>Ana\u00efs est une jeune agricultrice bretonne qui, contre vents et mar\u00e9es, a d\u00e9cid\u00e9 de produire sur son petit lopin de terre des plantes aromatiques.<\/p>\n<p>Marion Gervais rencontre en 2012 Ana\u00efs Kerhoas dans un petit village d&rsquo;Ille-et-Vilaine. La jeune herboriste habite dans une caravane, sans eau ni \u00e9lectricit\u00e9. Elle n&rsquo;a qu&rsquo;une id\u00e9e en t\u00eate, malgr\u00e9 les difficult\u00e9s qu&rsquo;elle rencontre : cultiver des plantes et en faire des tisanes. La r\u00e9alisatrice la filme dans un moyen m\u00e9trage de quarante-six minutes <em>Ana\u00efs s&rsquo;en va-t-en guerre. <\/em>Elle la retrouve dix ans plus tard sur son petit lopin de terre, endurcie par l&rsquo;exp\u00e9rience et toujours aussi d\u00e9termin\u00e9e. Cette fois-ci elle livre un nouveau combat pour construire sa vie de couple avec Seydou, un ressortissant s\u00e9n\u00e9galais.<\/p>\n<p>La vie \u00e0 la ferme est, avec l&rsquo;h\u00f4pital et l&rsquo;\u00e9cole, un des nouveaux sujets de pr\u00e9dilection du cin\u00e9ma contemporain. On ne compte plus les fictions (<a href=\"https:\/\/un-film-un-jour.com\/index.php\/2017\/09\/08\/petit-paysan\/\"><em>Petit Paysan<\/em><\/a>,\u00a0<a href=\"https:\/\/un-film-un-jour.com\/index.php\/2019\/09\/27\/au-nom-de-la-terre\/\"><em>Au nom de la terre<\/em><\/a>\u2026) ou les documentaires (<a href=\"https:\/\/un-film-un-jour.com\/index.php\/2024\/02\/02\/la-ferme-des-bertrand\/\"><em>La Ferme des Bertrand<\/em><\/a>, <a href=\"https:\/\/un-film-un-jour.com\/index.php\/2020\/02\/28\/cyrille-agriculteur-30-ans-20-vaches-du-lait-du-beurre-des-dettes\/\">Cyrille, agriculteur, 30 ans, 20 vaches, du lait, du beurre, des dettes<\/a>,\u00a0<a href=\"https:\/\/un-film-un-jour.com\/index.php\/2017\/11\/03\/sans-adieu\/\"><em>Sans adieu<\/em><\/a>,\u00a0<em>Profils paysans<\/em>,\u00a0<em>Bovines<\/em>\u2026) qui lui sont consacr\u00e9s. Ils racontent tous un peu la m\u00eame histoire : l&rsquo;attachement des agriculteurs \u00e0 leur m\u00e9tier, sa n\u00e9cessit\u00e9 \u00e9conomique et \u00e9cologique, les \u00e9puisantes difficult\u00e9s auxquelles ils sont confront\u00e9s et la vie harassante et mis\u00e9rable \u00e0 laquelle ils se condamnent en l&rsquo;exer\u00e7ant.<\/p>\n<p>Ce documentaire joue la m\u00eame musique, mais sur un ton diff\u00e9rent gr\u00e2ce \u00e0 son h\u00e9ro\u00efne. La cam\u00e9ra ne la quitte pas d&rsquo;une semelle. Et on est ravi de la pers\u00e9v\u00e9rance de sa r\u00e9alisatrice qui, \u00e0 dix ans de distance, a ajout\u00e9 un second volet \u00e0 son premier chapitre. Le second r\u00e9pond implicitement \u00e0 la question pos\u00e9e par le premier : l&rsquo;ent\u00eatetement d&rsquo;Ana\u00efs a-t-il pay\u00e9 ? Il faut dire qu&rsquo;on ne voyait pas un brillant avenir \u00e0 cette jeune femme si mince, si fr\u00eale qu&rsquo;un coup de vent manquerait l&#8217;emporter, accroupie dans ses \u00ab\u00a0plantes\u00a0\u00bb, arrachant \u00e0 la main les mauvaises herbes. Certes, elle est d\u00e9termin\u00e9e \u00e0 se battre et le clame haut et fort ; mais cet ent\u00eatement don-quichottesque est-il un gage de r\u00e9ussite ? On en doute en esp\u00e9rant se tromper.<\/p>\n<p>Dix ans ont pass\u00e9. Ana\u00efs a m\u00fbri ; mais elle a gard\u00e9 la m\u00eame silhouette fluette. Qu&rsquo;est-il advenu de son commerce ? On le devine sans en \u00eatre tout \u00e0 fait certain. Marion Gervais la filme dans une autre bataille qu&rsquo;elle m\u00e8ne avec la m\u00eame d\u00e9termination inentam\u00e9e. Il s&rsquo;agit de faire venir de Casamance son amoureux, rencontr\u00e9 Dieu sait comment (les r\u00e9seaux sociaux ? des vacances \u00e0 Ziguinchor ?). L\u00e0 encore, on ne parie pas cher sur ses chances de succ\u00e8s. Les services pr\u00e9fectoraux accorderont-ils \u00e0 Seydou son visa ? Et, s&rsquo;il s&rsquo;installe en Ille-et-Vilaine, avec sa femme, s&rsquo;accoutumera-t-il \u00e0 la vie paysanne ?<\/p>\n<p><em>Ana\u00efs, 2 chapitres<\/em> ne r\u00e9volutionnera pas l&rsquo;histoire du cin\u00e9ma. Mais son h\u00e9ro\u00efne est tellement solaire, tellement sympathique, son projet de vie tellement atypique, l&rsquo;\u00e9nergie qu&rsquo;elle d\u00e9ploie pour le mener \u00e0 bien tellement communicative que ce documentaire-l\u00e0 devrait \u00eatre\u00a0 rembours\u00e9 par la S\u00e9cu !<\/p>\n<p><a href=\"https:\/\/www.allocine.fr\/video\/player_gen_cmedia=20605636&amp;cfilm=326920.html\">La bande-annonce<\/a><\/p>\n","protected":false},"excerpt":{"rendered":"<p>Ana\u00efs est une jeune agricultrice bretonne qui, contre vents et mar\u00e9es, a d\u00e9cid\u00e9 de produire sur son petit lopin de terre des plantes aromatiques. Marion Gervais rencontre en 2012 Ana\u00efs Kerhoas dans un petit village d&rsquo;Ille-et-Vilaine. La jeune herboriste habite dans une caravane, sans eau ni \u00e9lectricit\u00e9. Elle n&rsquo;a qu&rsquo;une id\u00e9e en t\u00eate, malgr\u00e9 les [&hellip;]<\/p>\n","protected":false},"author":1,"featured_media":0,"comment_status":"open","ping_status":"open","sticky":false,"template":"","format":"standard","meta":{"footnotes":""},"categories":[115,124],"tags":[],"class_list":["post-23900","post","type-post","status-publish","format-standard","hentry","category-films-sortis-en-2024","category-films-sortis-en-septembre-2024"],"_links":{"self":[{"href":"https:\/\/un-film-un-jour.com\/index.php\/wp-json\/wp\/v2\/posts\/23900","targetHints":{"allow":["GET"]}}],"collection":[{"href":"https:\/\/un-film-un-jour.com\/index.php\/wp-json\/wp\/v2\/posts"}],"about":[{"href":"https:\/\/un-film-un-jour.com\/index.php\/wp-json\/wp\/v2\/types\/post"}],"author":[{"embeddable":true,"href":"https:\/\/un-film-un-jour.com\/index.php\/wp-json\/wp\/v2\/users\/1"}],"replies":[{"embeddable":true,"href":"https:\/\/un-film-un-jour.com\/index.php\/wp-json\/wp\/v2\/comments?post=23900"}],"version-history":[{"count":7,"href":"https:\/\/un-film-un-jour.com\/index.php\/wp-json\/wp\/v2\/posts\/23900\/revisions"}],"predecessor-version":[{"id":23927,"href":"https:\/\/un-film-un-jour.com\/index.php\/wp-json\/wp\/v2\/posts\/23900\/revisions\/23927"}],"wp:attachment":[{"href":"https:\/\/un-film-un-jour.com\/index.php\/wp-json\/wp\/v2\/media?parent=23900"}],"wp:term":[{"taxonomy":"category","embeddable":true,"href":"https:\/\/un-film-un-jour.com\/index.php\/wp-json\/wp\/v2\/categories?post=23900"},{"taxonomy":"post_tag","embeddable":true,"href":"https:\/\/un-film-un-jour.com\/index.php\/wp-json\/wp\/v2\/tags?post=23900"}],"curies":[{"name":"wp","href":"https:\/\/api.w.org\/{rel}","templated":true}]}}