{"id":2405,"date":"2016-09-12T05:30:31","date_gmt":"2016-09-12T04:30:31","guid":{"rendered":"http:\/\/un-film-un-jour.com\/?p=2405"},"modified":"2016-09-12T05:59:30","modified_gmt":"2016-09-12T04:59:30","slug":"releve-histoire-dune-creation","status":"publish","type":"post","link":"https:\/\/un-film-un-jour.com\/index.php\/2016\/09\/12\/releve-histoire-dune-creation\/","title":{"rendered":"Rel\u00e8ve : histoire d&rsquo;une cr\u00e9ation \u2605\u2605\u2605\u2606"},"content":{"rendered":"<p><img loading=\"lazy\" decoding=\"async\" class=\"alignleft size-medium\" src=\"http:\/\/fr.web.img2.acsta.net\/r_1920_1080\/pictures\/16\/08\/03\/16\/19\/094640.jpg\" alt=\"\" width=\"317\" height=\"430\" \/>En 2014, Benjamin Millepied a pris la t\u00eate du ballet de l\u2019Op\u00e9ra de Paris. Un an plus tard, son spectacle \u00ab\u00a0Clear, Light, Bright, Forward\u00a0\u00bb ouvre la saison 2014\/2015 en pr\u00e9sence du Pr\u00e9sident de la R\u00e9publique. \u00ab\u00a0Rel\u00e8ve\u00a0\u00bb est, comme son sous-titre l&rsquo;annonce, l&rsquo;histoire de cette cr\u00e9ation. Mais c&rsquo;est aussi l&rsquo;histoire d&rsquo;une rel\u00e8ve, d&rsquo;un changement de direction \u00e0 la t\u00eate du plus c\u00e9l\u00e8bre ballet au monde.<\/p>\n<p>\u00ab\u00a0Rel\u00e8ve\u00a0\u00bb vient s&rsquo;ajouter \u00e0 la liste d\u00e9j\u00e0 longue des documentaires consacr\u00e9s \u00e0 la danse. L&rsquo;un, il y a quelques mois, \u00e9tait consacr\u00e9 \u00e0 \u00a0Ohad Naharin ; l&rsquo;autre, il y a quelques ann\u00e9es, \u00e0 \u00a0Pina Bausch. Ici les documentaristes ont suivi Benjamin Millepied dans la pr\u00e9paration d&rsquo;une oeuvre tr\u00e8s contemporaine, interpr\u00e9t\u00e9e par les danseurs classiques du ballet. Pendant quarante jours, Millepied est au four et au moulin, avec les danseurs, les musiciens, les costumiers&#8230; Son assistante veille au grain et tente, tant bien que mal, de lui faire respecter un agenda d\u00e9ment. Le documentaire nous parle moins de l&rsquo;art de la danse que de la difficult\u00e9 \u00e0 monter un projet complexe.<\/p>\n<p>Mais \u00ab\u00a0Rel\u00e8ve\u00a0\u00bb a une seconde dimension qui suscite un malaise. Le documentaire est un manifeste en faveur des r\u00e9formes que le nouveau directeur appelle de ses voeux. Il veut rompre avec la hi\u00e9rarchie \u00e9touffante du corps de ballet en confiant \u00e0 des sujets ou m\u00eame \u00e0 des coryph\u00e9es des premiers r\u00f4les. Il manifeste un souci in\u00e9dit pour le bien-\u00eatre, la sant\u00e9, la nutrition des danseurs. Rien que de tr\u00e8s louable dans ses promesses. Sinon que Millepied a claqu\u00e9 la porte de l&rsquo;Op\u00e9ra quatre mois apr\u00e8s le succ\u00e8s de sa cr\u00e9ation. Vaincu par une bureaucratie aveugle ? Ou victime de ses caprices de diva ? Le documentaire n&rsquo;en dit mot et nous laisse sur notre faim.<\/p>\n<p><a href=\"http:\/\/www.allocine.fr\/video\/player_gen_cmedia=19564153&amp;cfilm=245961.html\">La bande-annonce<\/a><\/p>\n","protected":false},"excerpt":{"rendered":"<p>En 2014, Benjamin Millepied a pris la t\u00eate du ballet de l\u2019Op\u00e9ra de Paris. Un an plus tard, son spectacle \u00ab\u00a0Clear, Light, Bright, Forward\u00a0\u00bb ouvre la saison 2014\/2015 en pr\u00e9sence du Pr\u00e9sident de la R\u00e9publique. \u00ab\u00a0Rel\u00e8ve\u00a0\u00bb est, comme son sous-titre l&rsquo;annonce, l&rsquo;histoire de cette cr\u00e9ation. Mais c&rsquo;est aussi l&rsquo;histoire d&rsquo;une rel\u00e8ve, d&rsquo;un changement de direction [&hellip;]<\/p>\n","protected":false},"author":1,"featured_media":0,"comment_status":"open","ping_status":"open","sticky":false,"template":"","format":"standard","meta":{"footnotes":""},"categories":[5,17],"tags":[],"class_list":["post-2405","post","type-post","status-publish","format-standard","hentry","category-films-sortis-en-2016","category-films-sortis-en-septembre-2016"],"_links":{"self":[{"href":"https:\/\/un-film-un-jour.com\/index.php\/wp-json\/wp\/v2\/posts\/2405","targetHints":{"allow":["GET"]}}],"collection":[{"href":"https:\/\/un-film-un-jour.com\/index.php\/wp-json\/wp\/v2\/posts"}],"about":[{"href":"https:\/\/un-film-un-jour.com\/index.php\/wp-json\/wp\/v2\/types\/post"}],"author":[{"embeddable":true,"href":"https:\/\/un-film-un-jour.com\/index.php\/wp-json\/wp\/v2\/users\/1"}],"replies":[{"embeddable":true,"href":"https:\/\/un-film-un-jour.com\/index.php\/wp-json\/wp\/v2\/comments?post=2405"}],"version-history":[{"count":8,"href":"https:\/\/un-film-un-jour.com\/index.php\/wp-json\/wp\/v2\/posts\/2405\/revisions"}],"predecessor-version":[{"id":2437,"href":"https:\/\/un-film-un-jour.com\/index.php\/wp-json\/wp\/v2\/posts\/2405\/revisions\/2437"}],"wp:attachment":[{"href":"https:\/\/un-film-un-jour.com\/index.php\/wp-json\/wp\/v2\/media?parent=2405"}],"wp:term":[{"taxonomy":"category","embeddable":true,"href":"https:\/\/un-film-un-jour.com\/index.php\/wp-json\/wp\/v2\/categories?post=2405"},{"taxonomy":"post_tag","embeddable":true,"href":"https:\/\/un-film-un-jour.com\/index.php\/wp-json\/wp\/v2\/tags?post=2405"}],"curies":[{"name":"wp","href":"https:\/\/api.w.org\/{rel}","templated":true}]}}