{"id":24050,"date":"2024-11-17T08:40:31","date_gmt":"2024-11-17T07:40:31","guid":{"rendered":"http:\/\/un-film-un-jour.com\/?p=24050"},"modified":"2024-11-17T08:40:42","modified_gmt":"2024-11-17T07:40:42","slug":"les-barbares","status":"publish","type":"post","link":"https:\/\/un-film-un-jour.com\/index.php\/2024\/11\/17\/les-barbares\/","title":{"rendered":"Les Barbares \u2605\u2605\u2606\u2606"},"content":{"rendered":"<p><img loading=\"lazy\" decoding=\"async\" class=\"alignleft size-medium\" src=\"https:\/\/fr.web.img6.acsta.net\/r_1920_1080\/img\/08\/6b\/086bfa0c0f9b05f56e32b20c07b1fa1a.jpg\" width=\"347\" height=\"430\">Paimpont, une bourgade paisible d&rsquo;Ille-et-Vilaine, \u00e0 l&rsquo;or\u00e9e de la for\u00eat de Broc\u00e9liande et \u00e0 un jet de pierre du camp de Co\u00ebtquidan, est en plein \u00e9moi. Son conseil municipal a d\u00e9cid\u00e9 d&rsquo;accueillir une famille de r\u00e9fugi\u00e9s ukrainiens. Mais ce sont finalement six Syriens qui descendent du bus affr\u00e9t\u00e9 par l&rsquo;ONG charg\u00e9e de leur accueil. Leur arriv\u00e9e dans ce petit village sans histoire provoque des r\u00e9actions tr\u00e8s tranch\u00e9es.<\/p>\n<p>Julie Delpy est sans doute l&rsquo;une des personnalit\u00e9s les plus attachantes du cin\u00e9ma fran\u00e7ais. Enfant star, tr\u00e8s vite pouss\u00e9e sous les feux de la rampe (elle tenait en 1986 le r\u00f4le titre de <em>La Passion B\u00e9atrice<\/em> de Bertrand Tavernier), elle s&rsquo;est expatri\u00e9e aux \u00c9tats-Unis et m\u00e8ne de front une carri\u00e8re d&rsquo;actrice et de r\u00e9alisatrice. Ses films sont tr\u00e8s disparates. <em>La Comtesse<\/em> ressuscitait la figure mythologique d&rsquo;une comtesse hongroise du XVII\u00e8me si\u00e8cle accus\u00e9e de sacrifier des jeunes vierges pour conserver son \u00e9ternelle jeunesse. <em>Les Barbares<\/em> s&rsquo;inscrit dans une veine bien diff\u00e9rente, similaire \u00e0 celle du <em>Skylab<\/em> o\u00f9 Julie Delpy revisitait le vert paradis de son enfance.<\/p>\n<p>Julie Delpy nous y livre, sous le mode badin de la com\u00e9die, une histologie de la soci\u00e9t\u00e9 fran\u00e7aise raciste et anti-raciste. \u00c0 une extr\u00e9mit\u00e9 du spectre, elle se donne le (pas si ?) bon r\u00f4le de la prof gauchiste. \u00c0 l&rsquo;autre, Laurent Lafitte interpr\u00e8te avec un plaisir communicatif le r\u00f4le d&rsquo;un plombier facho, d\u00e9fenseur de l&rsquo;identit\u00e9 bretonne &#8211; quoique d&rsquo;origine d&rsquo;alsacienne. Au milieu, Jean-Charles Clichet, l&rsquo;\u00e9charpe tricolore en bandouli\u00e8re, incarne un intenable en-m\u00eame-temps macroniste, perclus de contradictions. \u00c0 leurs c\u00f4t\u00e9s, dans des seconds r\u00f4les aux petits oignons, Sandrine Kiberlain et India Hair sont \u00e9patantes.<\/p>\n<p><em>Les Barbares<\/em> a le d\u00e9faut de tenir tout entier dans sa bande annonce qui, comme il est d&rsquo;usage, concentre les meilleures r\u00e9pliques. Il faut avoir un peu d&rsquo;int\u00e9r\u00eat pour le sujet, d&rsquo;indulgence pour son traitement et de temps libre dans une programmation tr\u00e8s riche ces temps-ci pour donner sa chance \u00e0 ce film oubliable. Pour autant, il serait bien ingrat de le regarder de haut. Car <em>Les Barbares<\/em> est une com\u00e9die intelligente et plaisante.<\/p>\n<p><a href=\"https:\/\/www.allocine.fr\/video\/player_gen_cmedia=20605581&amp;cfilm=305780.html\">La bande-annonce<\/a><\/p>\n","protected":false},"excerpt":{"rendered":"<p>Paimpont, une bourgade paisible d&rsquo;Ille-et-Vilaine, \u00e0 l&rsquo;or\u00e9e de la for\u00eat de Broc\u00e9liande et \u00e0 un jet de pierre du camp de Co\u00ebtquidan, est en plein \u00e9moi. Son conseil municipal a d\u00e9cid\u00e9 d&rsquo;accueillir une famille de r\u00e9fugi\u00e9s ukrainiens. Mais ce sont finalement six Syriens qui descendent du bus affr\u00e9t\u00e9 par l&rsquo;ONG charg\u00e9e de leur accueil. Leur [&hellip;]<\/p>\n","protected":false},"author":1,"featured_media":0,"comment_status":"open","ping_status":"open","sticky":false,"template":"","format":"standard","meta":{"footnotes":""},"categories":[115,124],"tags":[],"class_list":["post-24050","post","type-post","status-publish","format-standard","hentry","category-films-sortis-en-2024","category-films-sortis-en-septembre-2024"],"_links":{"self":[{"href":"https:\/\/un-film-un-jour.com\/index.php\/wp-json\/wp\/v2\/posts\/24050","targetHints":{"allow":["GET"]}}],"collection":[{"href":"https:\/\/un-film-un-jour.com\/index.php\/wp-json\/wp\/v2\/posts"}],"about":[{"href":"https:\/\/un-film-un-jour.com\/index.php\/wp-json\/wp\/v2\/types\/post"}],"author":[{"embeddable":true,"href":"https:\/\/un-film-un-jour.com\/index.php\/wp-json\/wp\/v2\/users\/1"}],"replies":[{"embeddable":true,"href":"https:\/\/un-film-un-jour.com\/index.php\/wp-json\/wp\/v2\/comments?post=24050"}],"version-history":[{"count":4,"href":"https:\/\/un-film-un-jour.com\/index.php\/wp-json\/wp\/v2\/posts\/24050\/revisions"}],"predecessor-version":[{"id":24378,"href":"https:\/\/un-film-un-jour.com\/index.php\/wp-json\/wp\/v2\/posts\/24050\/revisions\/24378"}],"wp:attachment":[{"href":"https:\/\/un-film-un-jour.com\/index.php\/wp-json\/wp\/v2\/media?parent=24050"}],"wp:term":[{"taxonomy":"category","embeddable":true,"href":"https:\/\/un-film-un-jour.com\/index.php\/wp-json\/wp\/v2\/categories?post=24050"},{"taxonomy":"post_tag","embeddable":true,"href":"https:\/\/un-film-un-jour.com\/index.php\/wp-json\/wp\/v2\/tags?post=24050"}],"curies":[{"name":"wp","href":"https:\/\/api.w.org\/{rel}","templated":true}]}}