{"id":24473,"date":"2024-12-06T07:41:53","date_gmt":"2024-12-06T06:41:53","guid":{"rendered":"https:\/\/un-film-un-jour.com\/?p=24473"},"modified":"2024-12-06T08:45:01","modified_gmt":"2024-12-06T07:45:01","slug":"leni-riefenstahl-la-lumiere-et-les-ombres","status":"publish","type":"post","link":"https:\/\/un-film-un-jour.com\/index.php\/2024\/12\/06\/leni-riefenstahl-la-lumiere-et-les-ombres\/","title":{"rendered":"Leni Riefenstahl, la lumi\u00e8re et les ombres \u2605\u2605\u2606\u2606"},"content":{"rendered":"<p><img loading=\"lazy\" decoding=\"async\" class=\"alignleft size-medium\" src=\"https:\/\/fr.web.img6.acsta.net\/r_1920_1080\/img\/9c\/c3\/9cc36bcaa662bf1d24a5a7e1abc0c72d.jpg\" width=\"347\" height=\"430\" \/>L&rsquo;oeuvre de Leni Riefenstahl (1902-2003) sent le soufre. La r\u00e9alisatrice du\u00a0<em>Triomphe de la volont\u00e9<\/em> (1935) et des\u00a0<em>Dieux du stade<\/em> (1938) s&rsquo;est vu reprocher de s&rsquo;\u00eatre fait la propagandiste complaisante du r\u00e9gime nazi. Toute sa vie durant, elle s&rsquo;est d\u00e9fendue en affirmant qu&rsquo;elle ne s&rsquo;int\u00e9ressait qu&rsquo;\u00e0 l&rsquo;art, pas \u00e0 la politique. Le documentariste allemand Andres Veiel a eu acc\u00e8s aux 700 cartons de ses archives. Il instruit son proc\u00e8s.<\/p>\n<p>\u00ab\u00a0Peut-on s\u00e9parer l&rsquo;oeuvre de l&rsquo;artiste ?\u00a0\u00bb. La question revient sans cesse, chaque fois qu&rsquo;un artiste voit planer sur lui la menace d&rsquo;une condamnation pour un acte commis dans sa vie priv\u00e9e. J&rsquo;ai tendance moi-m\u00eame \u00e0 y r\u00e9pondre par la positive, n&rsquo;appr\u00e9ciant gu\u00e8re les appels \u00e0 la censure contre Depardieu, Allen ou Polanski. Le cas Riefensthal pourrait-il me faire reconsid\u00e9rer ma position trop tranch\u00e9e ?<\/p>\n<p>Leni Riefenstahl a certes r\u00e9volutionn\u00e9 l&rsquo;art du documentaire, en utilisant notamment la plong\u00e9e et la contre-plong\u00e9e. Elle a pour ce faire mobilis\u00e9 des moyens techniques in\u00e9dits. Mais cette inventivit\u00e9 technique \u00e9tait indubitablement au service d&rsquo;une id\u00e9ologie ha\u00efssable dont, bien qu&rsquo;elle s&rsquo;en d\u00e9fende, Leni Riefenstahl, fut la complice z\u00e9l\u00e9e. Certes, la quasi-totalit\u00e9 de la population allemande soutenait Hitler dans les ann\u00e9es Trente. Certes encore, on ne pouvait \u00e0 l&rsquo;\u00e9poque imaginer que Hitler allait entra\u00eener son pays dans une guerre totale et que son antis\u00e9mitisme pathologique allait provoquer la Shoah &#8211; m\u00eame si une lecture attentive de <em>Mein Kampf<\/em> (1925) aurait pu laisser augurer le pire.<\/p>\n<p>Pour autant, la d\u00e9fense de Leni Riefenstahl ne tient pas, qui toute sa vie durant, avec une \u00e9nergie path\u00e9tique a intent\u00e9 des proc\u00e8s en diffamation \u00e0 tous ceux qui lui reprochaient son compagnonnage avec le nazisme. \u00ab\u00a0Je n&rsquo;ai jamais gaz\u00e9 personne\u00a0\u00bb clame-t-elle. C&rsquo;est vrai ! Mais n&rsquo;avoir gaz\u00e9 personne n&rsquo;innocente pas pour autant Leni Riefenstahl d&rsquo;avoir soutenu une id\u00e9ologie qui a gaz\u00e9 six millions de victimes. \u00ab\u00a0Je ne savais rien de ce qui se d\u00e9roulait dans les camps de concentration\u00a0\u00bb C&rsquo;est (peut-\u00eatre) encore vrai. Mais, l\u00e0 encore, c&rsquo;est un peu court : si elle ne savait rien, c&rsquo;est aussi parce que \u00e7a l&rsquo;arrangeait bien de ne rien savoir !<\/p>\n<p>Le documentaire de Andres Veiel ne pr\u00e9sente pas Leni Riefenstahl sous son meilleur jour. Comme l&rsquo;indique son affiche fran\u00e7aise, on y voit une vieille femme narcissique, obs\u00e9d\u00e9e, m\u00eame \u00e0 98 ans, de l&rsquo;image qu&rsquo;elle donne d&rsquo;elle-m\u00eame, exigeant du chef \u00e9clairagiste qu&rsquo;il efface les rides qui pourtant ravinent son vieux visage. Quelques r\u00e9v\u00e9lations ach\u00e8vent de la discr\u00e9diter : le sort qu&rsquo;elle a r\u00e9serv\u00e9 \u00e0 son directeur de la photographie, qu&rsquo;elle a laiss\u00e9 enfermer dans un asile psychiatrique et st\u00e9riliser, sa pr\u00e9sence en septembre 1939, sur le front polonais, o\u00f9 elle a utilis\u00e9 des Roms comme figurants dans l&rsquo;un de ses films et a assist\u00e9 sans protester \u00e0 l&rsquo;ex\u00e9cution de Juifs polonais. Jusqu&rsquo;\u00e0 sa fascination dans les ann\u00e9es soixante pour les Noubas du sud du Soudan qui t\u00e9moigne d&rsquo;un go\u00fbt suspect pour une race exempte de toute impuret\u00e9.<\/p>\n<p><a href=\"https:\/\/www.allocine.fr\/video\/player_gen_cmedia=20608919&amp;cfilm=309537.html\">La bande-annonce<\/a><\/p>\n","protected":false},"excerpt":{"rendered":"<p>L&rsquo;oeuvre de Leni Riefenstahl (1902-2003) sent le soufre. La r\u00e9alisatrice du\u00a0Triomphe de la volont\u00e9 (1935) et des\u00a0Dieux du stade (1938) s&rsquo;est vu reprocher de s&rsquo;\u00eatre fait la propagandiste complaisante du r\u00e9gime nazi. Toute sa vie durant, elle s&rsquo;est d\u00e9fendue en affirmant qu&rsquo;elle ne s&rsquo;int\u00e9ressait qu&rsquo;\u00e0 l&rsquo;art, pas \u00e0 la politique. Le documentariste allemand Andres Veiel [&hellip;]<\/p>\n","protected":false},"author":1,"featured_media":0,"comment_status":"open","ping_status":"open","sticky":false,"template":"","format":"standard","meta":{"footnotes":""},"categories":[115,126],"tags":[],"class_list":["post-24473","post","type-post","status-publish","format-standard","hentry","category-films-sortis-en-2024","category-films-sortis-en-novembre-2024"],"_links":{"self":[{"href":"https:\/\/un-film-un-jour.com\/index.php\/wp-json\/wp\/v2\/posts\/24473","targetHints":{"allow":["GET"]}}],"collection":[{"href":"https:\/\/un-film-un-jour.com\/index.php\/wp-json\/wp\/v2\/posts"}],"about":[{"href":"https:\/\/un-film-un-jour.com\/index.php\/wp-json\/wp\/v2\/types\/post"}],"author":[{"embeddable":true,"href":"https:\/\/un-film-un-jour.com\/index.php\/wp-json\/wp\/v2\/users\/1"}],"replies":[{"embeddable":true,"href":"https:\/\/un-film-un-jour.com\/index.php\/wp-json\/wp\/v2\/comments?post=24473"}],"version-history":[{"count":8,"href":"https:\/\/un-film-un-jour.com\/index.php\/wp-json\/wp\/v2\/posts\/24473\/revisions"}],"predecessor-version":[{"id":24505,"href":"https:\/\/un-film-un-jour.com\/index.php\/wp-json\/wp\/v2\/posts\/24473\/revisions\/24505"}],"wp:attachment":[{"href":"https:\/\/un-film-un-jour.com\/index.php\/wp-json\/wp\/v2\/media?parent=24473"}],"wp:term":[{"taxonomy":"category","embeddable":true,"href":"https:\/\/un-film-un-jour.com\/index.php\/wp-json\/wp\/v2\/categories?post=24473"},{"taxonomy":"post_tag","embeddable":true,"href":"https:\/\/un-film-un-jour.com\/index.php\/wp-json\/wp\/v2\/tags?post=24473"}],"curies":[{"name":"wp","href":"https:\/\/api.w.org\/{rel}","templated":true}]}}