{"id":24520,"date":"2024-12-08T08:00:05","date_gmt":"2024-12-08T07:00:05","guid":{"rendered":"https:\/\/un-film-un-jour.com\/?p=24520"},"modified":"2024-12-08T08:24:41","modified_gmt":"2024-12-08T07:24:41","slug":"conclave","status":"publish","type":"post","link":"https:\/\/un-film-un-jour.com\/index.php\/2024\/12\/08\/conclave\/","title":{"rendered":"Conclave \u2605\u2605\u2605\u2606"},"content":{"rendered":"<p><img loading=\"lazy\" decoding=\"async\" class=\"alignleft size-medium\" src=\"https:\/\/fr.web.img4.acsta.net\/r_1920_1080\/img\/49\/3b\/493b675678d0a26dbcbd3c3982975af4.jpg\" width=\"347\" height=\"430\" \/>Le pape meurt brutalement. Doyen du coll\u00e8ge, le cardinal Lawrence (Ralph Fiennes) est charg\u00e9 de l&rsquo;organisation du conclave qui \u00e9lira son successeur. Les cardinaux sont log\u00e9s dans la r\u00e9sidence Sainte-Marthe, dans l&rsquo;enceinte de la cit\u00e9 vaticane. Quelques favoris se dessinent &#8211; l&rsquo;ultraconservateur Tedesco (Sergio Castellitto), le lib\u00e9ral Bellini (Stanley Tucci), le Nig\u00e9rian Ayedemi qui pourrait \u00eatre le premier Pape de couleur &#8211; et un participant de derni\u00e8re minute, l&rsquo;\u00e9v\u00eaque de Kaboul, nomm\u00e9\u00a0<em>in pectore<\/em> par le d\u00e9funt pontife, s&rsquo;invite.<\/p>\n<p>Unit\u00e9 de temps, unit\u00e9 de lieu, unit\u00e9 d&rsquo;action : la r\u00e9union du coll\u00e8ge des cardinaux pour \u00e9lire en conclave le nouveau pape est un \u00e9v\u00e9nement profond\u00e9ment cin\u00e9matographique, avec ses rites, sa dramaturgie, son suspense. Nanni Moretti (<em>Habemus Papam<\/em>), Fernando Mereilles (<a href=\"https:\/\/un-film-un-jour.com\/index.php\/2019\/12\/22\/les-deux-papes\/\"><em>Les Deux Papes<\/em><\/a>), Paolo Sorrentino (<em>The New Pope<\/em>) y ont puis\u00e9 leur inspiration. C&rsquo;est \u00e0 l&rsquo;allemand Edward Berger (<em>Jack<\/em>, <a href=\"https:\/\/un-film-un-jour.com\/index.php\/2023\/05\/07\/a-louest-rien-de-nouveau\/\"><em>\u00c0 l&rsquo;Ouest rien de nouveau<\/em><\/a>) qu&rsquo;a \u00e9t\u00e9 confi\u00e9 le soin de porter \u00e0 l&rsquo;\u00e9cran le thriller de Robert Harris publi\u00e9 en 2016. Il le fait avec une brochette de stars : outre Ralph Fiennes, Sergio Castellitto et Stanley Tucci d\u00e9j\u00e0 cit\u00e9s, John Lithgow, en cardinal canadien duplice, et Isabella Rossellini, en s\u0153ur silencieuse mais vigilante.<\/p>\n<p>J&rsquo;ai lu de bien m\u00e9chantes critiques de <em>Conclave<\/em>. <em>Le Monde<\/em> lui reproche ses num\u00e9ros d&rsquo;acteurs, son manich\u00e9isme (entre l&rsquo;aile conservatrice derri\u00e8re Tedesco et l&rsquo;aile lib\u00e9rale derri\u00e8re Bellini) et ses coups de th\u00e9\u00e2tre peu cr\u00e9dibles. Je le trouve bien s\u00e9v\u00e8re. J&rsquo;ai pris un r\u00e9el plaisir \u00e0 ce film qui m&rsquo;a tenu en haleine deux heures de rang. J&rsquo;ai aim\u00e9 qu&rsquo;il nous enferme dans les murailles du Vatican sans jamais nous en faire sortir. J&rsquo;ai go\u00fbt\u00e9 l&rsquo;interpr\u00e9tation de Fiennes et sa voix doucereuse, m\u00eame si elle reste prisonni\u00e8re du m\u00eame registre. Et j&rsquo;ai appr\u00e9ci\u00e9 les coups de th\u00e9\u00e2tre qui \u00e9maillent le sc\u00e9nario, aussi invraisemblables soient-ils, en particulier le tout dernier qui fut accueilli dans la salle par quelques rires incr\u00e9dules, dont le mien.<\/p>\n<p><a href=\"https:\/\/www.allocine.fr\/video\/player_gen_cmedia=20611519&amp;cfilm=304895.html\">La bande-annonce<\/a><\/p>\n","protected":false},"excerpt":{"rendered":"<p>Le pape meurt brutalement. Doyen du coll\u00e8ge, le cardinal Lawrence (Ralph Fiennes) est charg\u00e9 de l&rsquo;organisation du conclave qui \u00e9lira son successeur. Les cardinaux sont log\u00e9s dans la r\u00e9sidence Sainte-Marthe, dans l&rsquo;enceinte de la cit\u00e9 vaticane. Quelques favoris se dessinent &#8211; l&rsquo;ultraconservateur Tedesco (Sergio Castellitto), le lib\u00e9ral Bellini (Stanley Tucci), le Nig\u00e9rian Ayedemi qui pourrait [&hellip;]<\/p>\n","protected":false},"author":1,"featured_media":0,"comment_status":"open","ping_status":"open","sticky":false,"template":"","format":"standard","meta":{"footnotes":""},"categories":[115,128],"tags":[],"class_list":["post-24520","post","type-post","status-publish","format-standard","hentry","category-films-sortis-en-2024","category-films-sortis-en-decembre-2024"],"_links":{"self":[{"href":"https:\/\/un-film-un-jour.com\/index.php\/wp-json\/wp\/v2\/posts\/24520","targetHints":{"allow":["GET"]}}],"collection":[{"href":"https:\/\/un-film-un-jour.com\/index.php\/wp-json\/wp\/v2\/posts"}],"about":[{"href":"https:\/\/un-film-un-jour.com\/index.php\/wp-json\/wp\/v2\/types\/post"}],"author":[{"embeddable":true,"href":"https:\/\/un-film-un-jour.com\/index.php\/wp-json\/wp\/v2\/users\/1"}],"replies":[{"embeddable":true,"href":"https:\/\/un-film-un-jour.com\/index.php\/wp-json\/wp\/v2\/comments?post=24520"}],"version-history":[{"count":3,"href":"https:\/\/un-film-un-jour.com\/index.php\/wp-json\/wp\/v2\/posts\/24520\/revisions"}],"predecessor-version":[{"id":24523,"href":"https:\/\/un-film-un-jour.com\/index.php\/wp-json\/wp\/v2\/posts\/24520\/revisions\/24523"}],"wp:attachment":[{"href":"https:\/\/un-film-un-jour.com\/index.php\/wp-json\/wp\/v2\/media?parent=24520"}],"wp:term":[{"taxonomy":"category","embeddable":true,"href":"https:\/\/un-film-un-jour.com\/index.php\/wp-json\/wp\/v2\/categories?post=24520"},{"taxonomy":"post_tag","embeddable":true,"href":"https:\/\/un-film-un-jour.com\/index.php\/wp-json\/wp\/v2\/tags?post=24520"}],"curies":[{"name":"wp","href":"https:\/\/api.w.org\/{rel}","templated":true}]}}