{"id":25211,"date":"2025-02-23T10:04:34","date_gmt":"2025-02-23T09:04:34","guid":{"rendered":"https:\/\/un-film-un-jour.com\/?p=25211"},"modified":"2025-02-23T12:16:18","modified_gmt":"2025-02-23T11:16:18","slug":"lattachement","status":"publish","type":"post","link":"https:\/\/un-film-un-jour.com\/index.php\/2025\/02\/23\/lattachement\/","title":{"rendered":"L&rsquo;Attachement \u2605\u2605\u2605\u2606"},"content":{"rendered":"<p><img loading=\"lazy\" decoding=\"async\" class=\"alignleft size-medium\" src=\"https:\/\/fr.web.img5.acsta.net\/r_1920_1080\/img\/83\/a4\/83a423a22c4438f3ecae29e227b2f6a9.jpg\" width=\"347\" height=\"430\" \/>Sandra (Val\u00e9ria Bruni Tedeschi), quinquag\u00e9naire f\u00e9ministe, c\u00e9libataire et ind\u00e9pendante, se retrouve bien malgr\u00e9 elle impliqu\u00e9e dans la vie de son voisin Alex (Pio Marma\u00ef) dont l&rsquo;\u00e9pouse d\u00e9c\u00e8de brutalement en donnant naissance \u00e0 une petite fille. La d\u00e9funte laisse \u00e0 Alex un orphelin, Elliot, n\u00e9 d&rsquo;un premier mariage avec un amour d&rsquo;enfance (Rapha\u00ebl Quenard). Elliot, traumatis\u00e9 par la mort de sa m\u00e8re, reporte son affection sur sa voisine tandis qu&rsquo;Alex peine \u00e0 se reconstruire.<\/p>\n<p>Une bande-annonce qui nous promet \u00ab\u00a0un hymne \u00e0 la vie\u00a0\u00bb est pour moi &#8211; et pour mon fils qui a h\u00e9rit\u00e9 d&rsquo;on-ne-sait-o\u00f9 une ironie mordante &#8211; un repoussoir imm\u00e9diat. Celle de\u00a0<em>L&rsquo;Attachement<\/em> avait eu ce d\u00e9faut-l\u00e0. Aussi ai-je laiss\u00e9 passer son avant-premi\u00e8re et ne me suis-je pas ru\u00e9 le voir d\u00e8s le jour de sa sortie. Heureusement, je me suis rattrap\u00e9 le week-end suivant et n&rsquo;ai pas rat\u00e9 ce film auquel j&rsquo;ai bien failli mettre ces fameuses quatre \u00e9toiles que j&rsquo;octroie si chichement.<\/p>\n<p>Car\u00a0<em>L&rsquo;Attachement<\/em> m&rsquo;a bris\u00e9 le c\u0153ur. D\u00e8s la premi\u00e8re sc\u00e8ne, celle de la mort de la m\u00e8re d&rsquo;Elliott, \u00e0 laquelle pourtant la bande-annonce nous a pr\u00e9par\u00e9s, j&rsquo;ai sorti mon premier Kleenex. J&rsquo;en ai sorti beaucoup d&rsquo;autres, notamment lors d&rsquo;une sc\u00e8ne o\u00f9 Emilia (Vimala Pons), la p\u00e9tulante p\u00e9diatre avec laquelle peut-\u00eatre Alex refera sa vie, pleure derri\u00e8re une porte ferm\u00e9e.<\/p>\n<p>C&rsquo;est peut-\u00eatre cet exc\u00e8s de larmes vers\u00e9es qui m&rsquo;a retenu de donner \u00e0 <em>L&rsquo;Attachement<\/em> sa quatri\u00e8me \u00e9toile. J&rsquo;ai essay\u00e9, \u00e0 tort ou \u00e0 raison, de mettre de c\u00f4t\u00e9 l&rsquo;\u00e9motion qu&rsquo;il avait fait na\u00eetre en moi pour le juger objectivement. La froide objectivit\u00e9 me conduit \u00e0 dire que c&rsquo;est un tr\u00e8s bon film, mais que \u00e7a n&rsquo;en est pas un qui marquera l&rsquo;histoire du cin\u00e9ma et qui restera dans les m\u00e9moires. D&rsquo;o\u00f9 ces trois \u00e9toiles seulement &#8211; dont tu auras compris, ami lecteur qui me connais bien, que je les regrette.<\/p>\n<p><em>L&rsquo;Attachement<\/em> est l&rsquo;adaptation d&rsquo;un livre d&rsquo;Alice Ferney paru en 2020, <em>L&rsquo;Intimit\u00e9<\/em>. On pourrait s&rsquo;interroger sur ce glissement. Il me semble bienvenu. L&rsquo;attachement est en effet un sentiment pr\u00e9cieux et rare, diff\u00e9rent de l&rsquo;amour et de l&rsquo;amiti\u00e9, sur lequel cette histoire nous invite \u00e0 nous interroger. <em>L&rsquo;Intimit\u00e9<\/em> \u00e9tait l&rsquo;oeuvre d&rsquo;Alice Ferney, une \u00e9crivaine , dipl\u00f4m\u00e9e de l&rsquo;Essec (!), que j&rsquo;aime \u00e9norm\u00e9ment. Son dernier, <em>Deux Innocents<\/em>, fut m\u00eame mon livre pr\u00e9f\u00e9r\u00e9 en 2023.<\/p>\n<p><em>L&rsquo;Attachement<\/em> peut se pr\u00eater \u00e0 une lecture sociologique. Son histoire est embl\u00e9matique des familles recompos\u00e9es. Il n&rsquo;y a aucun lien de sang entre le petit Elliot et Alex, qui rencontre sa m\u00e8re alors qu&rsquo;Elliot est nourrisson, qui l&rsquo;\u00e9pouse, qui con\u00e7oit avec elle un autre enfant, sa demi-soeur. Il y en a encore moins entre Elliot et Emilia, avec laquelle Alex fait son deuil de sa femme. Et que dire des liens entre Elliot et Sandra, la voisine ? Pourtant circulent entre eux un amour, une amiti\u00e9, en un mot un attachement terriblement puissant.<\/p>\n<p>Carine Tardieu est \u00e0 la r\u00e9alisation. Elle n&rsquo;est pas c\u00e9l\u00e8bre. Pourtant tous ses films &#8211; <em>L&rsquo;Attachement<\/em> est le cinqui\u00e8me en dix-huit ans &#8211; qui creusent \u00e0 l&rsquo;os les liens du c\u0153ur, visent juste : <em>La T\u00eate de Maman<\/em>, <em>Du vent dans mes mollets<\/em>, <a href=\"https:\/\/un-film-un-jour.com\/index.php\/2017\/10\/10\/otez-moi-dun-doute\/\"><em>\u00d4tez-moi d&rsquo;un doute<\/em><\/a> sur une amour contrari\u00e9e par la d\u00e9couverte d&rsquo;un lien de filiation inconnu, <a href=\"https:\/\/un-film-un-jour.com\/index.php\/2022\/02\/02\/les-jeunes-amants\/\"><em>Les Jeunes Amants<\/em><\/a>\u00a0sur la liaison adult\u00e8re d&rsquo;un homme avec une femme plus \u00e2g\u00e9e que lui&#8230;<\/p>\n<p>Elle dirige un trio d&rsquo;acteurs impeccables. Val\u00e9ria Bruni-Tedeschi, Pio Marma\u00ef et Vimala Pons ont la m\u00eame qualit\u00e9 et le m\u00eame d\u00e9faut : ils ont de l&rsquo;\u00e9nergie \u00e0 revendre et une f\u00e2cheuse tendance, lorsqu&rsquo;ils sont abandonn\u00e9s \u00e0 eux-m\u00eames, au surr\u00e9gime. ce qui frappe ici, c&rsquo;est leur sobri\u00e9t\u00e9. Val\u00e9ria Bruni Tedeschi, trop souvent abonn\u00e9e aux r\u00f4les d&rsquo;hyst\u00e9riques (si ce mot peut encore \u00eatre utilis\u00e9), est parfaite de retenue. Mais c&rsquo;est Vimala Pons qui, comme d&rsquo;habitude, m&rsquo;a transport\u00e9, m\u00eame si sa derni\u00e8re sc\u00e8ne ne m&rsquo;a pas sembl\u00e9 tr\u00e8s cr\u00e9dible.<\/p>\n<p><a href=\"https:\/\/www.allocine.fr\/video\/player_gen_cmedia=20614188&amp;cfilm=313781.html\">La bande-annonce<\/a><\/p>\n","protected":false},"excerpt":{"rendered":"<p>Sandra (Val\u00e9ria Bruni Tedeschi), quinquag\u00e9naire f\u00e9ministe, c\u00e9libataire et ind\u00e9pendante, se retrouve bien malgr\u00e9 elle impliqu\u00e9e dans la vie de son voisin Alex (Pio Marma\u00ef) dont l&rsquo;\u00e9pouse d\u00e9c\u00e8de brutalement en donnant naissance \u00e0 une petite fille. La d\u00e9funte laisse \u00e0 Alex un orphelin, Elliot, n\u00e9 d&rsquo;un premier mariage avec un amour d&rsquo;enfance (Rapha\u00ebl Quenard). Elliot, traumatis\u00e9 [&hellip;]<\/p>\n","protected":false},"author":1,"featured_media":0,"comment_status":"open","ping_status":"open","sticky":false,"template":"","format":"standard","meta":{"footnotes":""},"categories":[129,131,7],"tags":[],"class_list":["post-25211","post","type-post","status-publish","format-standard","hentry","category-films-sortis-en-2025","category-films-sortis-en-fevrier-2025","category-mes-coups-de-coeur"],"_links":{"self":[{"href":"https:\/\/un-film-un-jour.com\/index.php\/wp-json\/wp\/v2\/posts\/25211","targetHints":{"allow":["GET"]}}],"collection":[{"href":"https:\/\/un-film-un-jour.com\/index.php\/wp-json\/wp\/v2\/posts"}],"about":[{"href":"https:\/\/un-film-un-jour.com\/index.php\/wp-json\/wp\/v2\/types\/post"}],"author":[{"embeddable":true,"href":"https:\/\/un-film-un-jour.com\/index.php\/wp-json\/wp\/v2\/users\/1"}],"replies":[{"embeddable":true,"href":"https:\/\/un-film-un-jour.com\/index.php\/wp-json\/wp\/v2\/comments?post=25211"}],"version-history":[{"count":7,"href":"https:\/\/un-film-un-jour.com\/index.php\/wp-json\/wp\/v2\/posts\/25211\/revisions"}],"predecessor-version":[{"id":25224,"href":"https:\/\/un-film-un-jour.com\/index.php\/wp-json\/wp\/v2\/posts\/25211\/revisions\/25224"}],"wp:attachment":[{"href":"https:\/\/un-film-un-jour.com\/index.php\/wp-json\/wp\/v2\/media?parent=25211"}],"wp:term":[{"taxonomy":"category","embeddable":true,"href":"https:\/\/un-film-un-jour.com\/index.php\/wp-json\/wp\/v2\/categories?post=25211"},{"taxonomy":"post_tag","embeddable":true,"href":"https:\/\/un-film-un-jour.com\/index.php\/wp-json\/wp\/v2\/tags?post=25211"}],"curies":[{"name":"wp","href":"https:\/\/api.w.org\/{rel}","templated":true}]}}