{"id":25271,"date":"2025-03-04T08:09:51","date_gmt":"2025-03-04T07:09:51","guid":{"rendered":"https:\/\/un-film-un-jour.com\/?p=25271"},"modified":"2025-03-16T16:40:24","modified_gmt":"2025-03-16T15:40:24","slug":"a-bicyclette","status":"publish","type":"post","link":"https:\/\/un-film-un-jour.com\/index.php\/2025\/03\/04\/a-bicyclette\/","title":{"rendered":"\u00c0 bicyclette ! \u2606\u2606\u2606\u2606"},"content":{"rendered":"<p><img loading=\"lazy\" decoding=\"async\" class=\"alignleft size-medium\" src=\"https:\/\/fr.web.img4.acsta.net\/r_1920_1080\/img\/9c\/f8\/9cf8cf27a2706be4849760190dddd37b.jpg\" width=\"347\" height=\"430\" \/><br \/>\nYouri, le fils de Mathias Mlekuz, s&rsquo;est suicid\u00e9 en 2022. Son p\u00e8re, d\u00e9vast\u00e9 de chagrin, a entrepris de refaire le voyage en v\u00e9lo que son fils avait effectu\u00e9 quatre ans plus t\u00f4t, de La Rochelle \u00e0 Istanbul. Son vieil ami, Philippe Rebbot, l&rsquo;accompagne. Il lui souffle l&rsquo;id\u00e9e de documenter leur voyage et d&rsquo;en faire un film.<\/p>\n<p>Perdre un enfant est pour un parent la plus grande souffrance qui puisse s&rsquo;imaginer. Un suicide la rend plus cruelle encore, ajoutant la culpabilit\u00e9 \u00e0 la douleur de la perte. J&rsquo;en parle d&rsquo;exp\u00e9rience : ma s\u0153ur s&rsquo;est suicid\u00e9e en 1994, laissant ma m\u00e8re en miettes.<\/p>\n<p>D\u00e8s la premi\u00e8re sc\u00e8ne, Mathias Mlekuz nous prend en otage de son deuil. Elle se d\u00e9roule sur les bords de l&rsquo;Atlantique, pr\u00e8s de La Rochelle. Le r\u00e9alisateur entour\u00e9 de quelques amis y prononce un discours plein d&rsquo;\u00e9motion et enfourche sa bicyclette. Direction : le Bosphore ! C&rsquo;est le d\u00e9but d&rsquo;un long voyage cathartique entre amis. Car le p\u00e8re inconsolable peut s&rsquo;appuyer sur son ami de toujours : l&rsquo;acteur Philippe Rebbot, alcoolique, tabagique&#8230; et empathique.<\/p>\n<p>Avant de voir <a href=\"https:\/\/un-film-un-jour.com\/index.php\/2025\/02\/23\/lattachement\/\"><em>L&rsquo;Attachement<\/em><\/a>, je redoutais la surench\u00e8re lacrymale. Le miracle a eu lieu et le film exceptionnel de Carine Tardieu &#8211; auquel j&rsquo;ai bien failli mettre quatre \u00e9toiles &#8211; m&rsquo;a emport\u00e9. M\u00eame crainte \u00e0 l&rsquo;entame d&rsquo;<em>\u00c0 bicyclette !<\/em> Mais la crainte h\u00e9las ici s&rsquo;est r\u00e9v\u00e9l\u00e9e fond\u00e9e. Car tr\u00e8s vite, le vrai-faux documentaire s&rsquo;installe dans un rythme ronronnant : des travellings champ\u00eatres avec nos deux cyclistes traversant l&rsquo;Europe alternent avec de longs dialogues alcoolis\u00e9s larmoyants durant lesquels Mathias expulse son chagrin et Philippe fait l&rsquo;apologie de l&rsquo;amiti\u00e9. Soyons honn\u00eates : le film raconte aussi des rencontres comme celle, hilarante, avec une propri\u00e9taire de Airbnb <em>control freak<\/em> et&#8230; nudiste.<\/p>\n<p>Le malaise augmente encore lorsqu&rsquo;on r\u00e9fl\u00e9chit \u00e0 la construction du film. La cam\u00e9ra, muette et invisible, pourrait nous laisser penser qu&rsquo;elle a glan\u00e9 des moments sur le vif. Mais <em>\u00c0 bicyclette !<\/em> a \u00e9t\u00e9 \u00e9crit et <em>\u00c0 bicyclette !<\/em> est jou\u00e9 &#8211; par des acteurs au demeurant excellents. Sa spontan\u00e9it\u00e9 ne pouvait \u00eatre que feinte. Quant Mathias pleure, l&rsquo;op\u00e9rateur son a peut-\u00eatre r\u00e9clam\u00e9 une seconde prise \u00e0 cause d&rsquo;un bruit parasite. Quand Mathias et Philippe s&rsquo;engueulent, il a peut-\u00eatre fallu recommencer la prise parce que la lumi\u00e8re \u00e9tait mauvaise.<\/p>\n<p>Je me suis retrouv\u00e9 \u00e0 la fin du film tr\u00e8s agac\u00e9 par ce produit frelat\u00e9. J&rsquo;ai eu le sentiment que son r\u00e9alisateur, au chagrin, je le r\u00e9p\u00e8te, \u00f4 combien l\u00e9gitime, s&rsquo;\u00e9tait achet\u00e9 une psychanalyse aux frais des spectateurs. Sa sinc\u00e9rit\u00e9 indiscutable s&rsquo;est laiss\u00e9e d\u00e9pass\u00e9e par sa roublardise. Mon coup de gueule appara\u00eetra sans doute bien injuste \u00e0 ceux que le film a \u00e9mus. Mais le proc\u00e9d\u00e9, impudique et artificieux, ne laisse de me d\u00e9ranger.<\/p>\n<p><a href=\"https:\/\/www.allocine.fr\/video\/player_gen_cmedia=20615503&amp;cfilm=323031.html\">La bande-annonce<\/a><\/p>\n","protected":false},"excerpt":{"rendered":"<p>Youri, le fils de Mathias Mlekuz, s&rsquo;est suicid\u00e9 en 2022. Son p\u00e8re, d\u00e9vast\u00e9 de chagrin, a entrepris de refaire le voyage en v\u00e9lo que son fils avait effectu\u00e9 quatre ans plus t\u00f4t, de La Rochelle \u00e0 Istanbul. Son vieil ami, Philippe Rebbot, l&rsquo;accompagne. Il lui souffle l&rsquo;id\u00e9e de documenter leur voyage et d&rsquo;en faire un [&hellip;]<\/p>\n","protected":false},"author":1,"featured_media":0,"comment_status":"open","ping_status":"open","sticky":false,"template":"","format":"standard","meta":{"footnotes":""},"categories":[129,131,6],"tags":[],"class_list":["post-25271","post","type-post","status-publish","format-standard","hentry","category-films-sortis-en-2025","category-films-sortis-en-fevrier-2025","category-mes-coups-de-gueule"],"_links":{"self":[{"href":"https:\/\/un-film-un-jour.com\/index.php\/wp-json\/wp\/v2\/posts\/25271","targetHints":{"allow":["GET"]}}],"collection":[{"href":"https:\/\/un-film-un-jour.com\/index.php\/wp-json\/wp\/v2\/posts"}],"about":[{"href":"https:\/\/un-film-un-jour.com\/index.php\/wp-json\/wp\/v2\/types\/post"}],"author":[{"embeddable":true,"href":"https:\/\/un-film-un-jour.com\/index.php\/wp-json\/wp\/v2\/users\/1"}],"replies":[{"embeddable":true,"href":"https:\/\/un-film-un-jour.com\/index.php\/wp-json\/wp\/v2\/comments?post=25271"}],"version-history":[{"count":15,"href":"https:\/\/un-film-un-jour.com\/index.php\/wp-json\/wp\/v2\/posts\/25271\/revisions"}],"predecessor-version":[{"id":25436,"href":"https:\/\/un-film-un-jour.com\/index.php\/wp-json\/wp\/v2\/posts\/25271\/revisions\/25436"}],"wp:attachment":[{"href":"https:\/\/un-film-un-jour.com\/index.php\/wp-json\/wp\/v2\/media?parent=25271"}],"wp:term":[{"taxonomy":"category","embeddable":true,"href":"https:\/\/un-film-un-jour.com\/index.php\/wp-json\/wp\/v2\/categories?post=25271"},{"taxonomy":"post_tag","embeddable":true,"href":"https:\/\/un-film-un-jour.com\/index.php\/wp-json\/wp\/v2\/tags?post=25271"}],"curies":[{"name":"wp","href":"https:\/\/api.w.org\/{rel}","templated":true}]}}