{"id":26196,"date":"2025-06-28T08:43:35","date_gmt":"2025-06-28T07:43:35","guid":{"rendered":"https:\/\/un-film-un-jour.com\/?p=26196"},"modified":"2025-06-30T08:02:29","modified_gmt":"2025-06-30T07:02:29","slug":"au-rythme-de-vera","status":"publish","type":"post","link":"https:\/\/un-film-un-jour.com\/index.php\/2025\/06\/28\/au-rythme-de-vera\/","title":{"rendered":"Au rythme de Vera \u2605\u2605\u2605\u2606"},"content":{"rendered":"<p><img loading=\"lazy\" decoding=\"async\" class=\"alignleft size-medium\" src=\"https:\/\/fr.web.img2.acsta.net\/r_1920_1080\/img\/46\/70\/4670fe3cdb85a00cdc6c5bc6b3ab01b8.jpg\" width=\"347\" height=\"430\" \/><\/p>\n<p>Vera Brandes a dix-huit ans \u00e0 peine et un toupet fou. Rien ne lui r\u00e9siste, sauf peut-\u00eatre son p\u00e8re, un dentiste install\u00e9 qui se d\u00e9sesp\u00e8re qu&rsquo;elle soit moins assidue \u00e0 ses cours au lyc\u00e9e qu&rsquo;aux concerts de jazz qu&rsquo;elle fr\u00e9quente assid\u00fbment. Vera s&rsquo;est improvis\u00e9e impresario. Et, par un hasard de circonstances, c&rsquo;est \u00e0 elle qu&rsquo;\u00e9choit la responsabilit\u00e9 d&rsquo;accueillir le pianiste Keith Jarrett \u00e0 Cologne en janvier 1975 pour l&rsquo;organisation d&rsquo;un concert vou\u00e9 \u00e0 entrer dans la l\u00e9gende.<\/p>\n<p><em>Au rythme de Vera<\/em> est la traduction fran\u00e7aise insipide de <em>K\u00f6ln 75<\/em>. Le titre allemand fait \u00e9cho \u00e0 plusieurs s\u00e9ries allemandes : <em>Berlin 56<\/em> et sa suite <em>Berlin 59<\/em>, <a href=\"https:\/\/un-film-un-jour.com\/index.php\/2020\/08\/02\/deutschland-83\/\"><em>Deutschland 83<\/em><\/a> et ses suites <em>Deutschland 86<\/em> et <em>Deutschland 89<\/em>. Comme elles, c&rsquo;est un film historique qui ressuscite une \u00e9poque : celle de Fassbinder et des ann\u00e9es 70 o\u00f9 la sage RFA \u00e9touffait \u00e0 force d&rsquo;expier les crimes de ses p\u00e8res. Il focalise le film sur l&rsquo;\u00e9v\u00e9nement qui en constitue le moyeu : le concert mythique donn\u00e9 par Keith Jarrett, improvisateur de g\u00e9nie, \u00e0 l&rsquo;op\u00e9ra de Cologne en 1975.<\/p>\n<p>C&rsquo;est d&rsquo;ailleurs cet argument-l\u00e0 qui m&rsquo;a conduit \u00e0 voir ce film. Comme tous les amateurs de jazz qui connaissent mal le jazz, je place Keith Jarrett et son <em>K\u00f6ln Concert<\/em> au sommet de mon panth\u00e9on.<\/p>\n<p>Or, c&rsquo;est Vera qui est au centre du film. La vraie Vera Brandes aujourd&rsquo;hui sexag\u00e9naire a d&rsquo;ailleurs particip\u00e9 \u00e0 l&rsquo;\u00e9criture du sc\u00e9nario. C&rsquo;est une fille port\u00e9e par une \u00e9nergie folle, qui rappelle l&rsquo;h\u00e9ro\u00efne de <em>Cours, Lola, cours<\/em> (encore une traduction d&rsquo;une rare \u00e9l\u00e9gance !), toujours en mouvement. Dans la m\u00eame tenue, tellement seventies, que celle qu&rsquo;on voit sur l&rsquo;affiche, elle passera la soir\u00e9e du 24 janvier 1975 \u00e0 courir pour parer au plus press\u00e9 : trouver un piano, convaincre le pianiste, \u00e9puis\u00e9 par plusieurs jours de tourn\u00e9e et paralys\u00e9 par une lombalgie, de monter sur sc\u00e8ne&#8230;.<\/p>\n<p>On le sait par avance : Keith Jarrett montera sur sc\u00e8ne, d\u00fbt-il jouer sur un piano d&rsquo;\u00e9tude fatigu\u00e9 dont il n&rsquo;aimait pas les aigus, ce qui le conduisit \u00e0 se cantonner dans un registre plus grave qu&rsquo;\u00e0 son habitude. Le concert tant attendu par les protagonistes comme par les spectateurs marquera la fin du film. La fa\u00e7on dont le r\u00e9alisateur Ido Fulk le filme est maligne.<\/p>\n<p>Noy\u00e9 dans une programmation qui le condamne \u00e0 l&rsquo;invisibilit\u00e9,\u00a0<em>Au rythme de Vera<\/em> risque de passer inaper\u00e7u. Ne le ratez pas !<\/p>\n<p><a href=\"https:\/\/www.allocine.fr\/video\/player_gen_cmedia=20620523&amp;cfilm=304919.html\">La bande-annonce<\/a><\/p>\n","protected":false},"excerpt":{"rendered":"<p>Vera Brandes a dix-huit ans \u00e0 peine et un toupet fou. Rien ne lui r\u00e9siste, sauf peut-\u00eatre son p\u00e8re, un dentiste install\u00e9 qui se d\u00e9sesp\u00e8re qu&rsquo;elle soit moins assidue \u00e0 ses cours au lyc\u00e9e qu&rsquo;aux concerts de jazz qu&rsquo;elle fr\u00e9quente assid\u00fbment. Vera s&rsquo;est improvis\u00e9e impresario. Et, par un hasard de circonstances, c&rsquo;est \u00e0 elle qu&rsquo;\u00e9choit [&hellip;]<\/p>\n","protected":false},"author":1,"featured_media":0,"comment_status":"open","ping_status":"open","sticky":false,"template":"","format":"standard","meta":{"footnotes":""},"categories":[129,135,7],"tags":[],"class_list":["post-26196","post","type-post","status-publish","format-standard","hentry","category-films-sortis-en-2025","category-films-sortis-en-juin-2025","category-mes-coups-de-coeur"],"_links":{"self":[{"href":"https:\/\/un-film-un-jour.com\/index.php\/wp-json\/wp\/v2\/posts\/26196","targetHints":{"allow":["GET"]}}],"collection":[{"href":"https:\/\/un-film-un-jour.com\/index.php\/wp-json\/wp\/v2\/posts"}],"about":[{"href":"https:\/\/un-film-un-jour.com\/index.php\/wp-json\/wp\/v2\/types\/post"}],"author":[{"embeddable":true,"href":"https:\/\/un-film-un-jour.com\/index.php\/wp-json\/wp\/v2\/users\/1"}],"replies":[{"embeddable":true,"href":"https:\/\/un-film-un-jour.com\/index.php\/wp-json\/wp\/v2\/comments?post=26196"}],"version-history":[{"count":5,"href":"https:\/\/un-film-un-jour.com\/index.php\/wp-json\/wp\/v2\/posts\/26196\/revisions"}],"predecessor-version":[{"id":26212,"href":"https:\/\/un-film-un-jour.com\/index.php\/wp-json\/wp\/v2\/posts\/26196\/revisions\/26212"}],"wp:attachment":[{"href":"https:\/\/un-film-un-jour.com\/index.php\/wp-json\/wp\/v2\/media?parent=26196"}],"wp:term":[{"taxonomy":"category","embeddable":true,"href":"https:\/\/un-film-un-jour.com\/index.php\/wp-json\/wp\/v2\/categories?post=26196"},{"taxonomy":"post_tag","embeddable":true,"href":"https:\/\/un-film-un-jour.com\/index.php\/wp-json\/wp\/v2\/tags?post=26196"}],"curies":[{"name":"wp","href":"https:\/\/api.w.org\/{rel}","templated":true}]}}