{"id":26216,"date":"2025-06-29T09:12:02","date_gmt":"2025-06-29T08:12:02","guid":{"rendered":"https:\/\/un-film-un-jour.com\/?p=26216"},"modified":"2025-06-29T18:27:47","modified_gmt":"2025-06-29T17:27:47","slug":"13-jours-13-nuits","status":"publish","type":"post","link":"https:\/\/un-film-un-jour.com\/index.php\/2025\/06\/29\/13-jours-13-nuits\/","title":{"rendered":"13 jours, 13 nuits \u2605\u2606\u2606\u2606"},"content":{"rendered":"<p><img loading=\"lazy\" decoding=\"async\" class=\"alignleft size-medium\" src=\"https:\/\/fr.web.img5.acsta.net\/r_1920_1080\/img\/55\/73\/5573625688291eab179bae35c5b1560b.jpg\" width=\"347\" height=\"430\" \/><\/p>\n<p>En ao\u00fbt 2021, les Am\u00e9ricains abandonnent l&rsquo;Afghanistan aux Talibans. La France lance l&rsquo;op\u00e9ration Apagan pour fermer son ambassade, rapatrier son personnel diplomatique et consulaire et avec lui plusieurs milliers d&rsquo;Afghans pers\u00e9cut\u00e9s par le r\u00e9gime.<\/p>\n<p>Commandant de police, attach\u00e9 de s\u00e9curit\u00e9 de police adjoint \u00e0 l&rsquo;ambassade de France en Afghanistan, \u00e0 quelques semaines de la retraite, Mohamed Bida a racont\u00e9 les treize jours qui ont s\u00e9par\u00e9 l&rsquo;annonce du d\u00e9part des forces am\u00e9ricaines d&rsquo;Afghanisatn et son d\u00e9collage de l&rsquo;a\u00e9roport de Kaboul dans un livre autobiographique. Avec un groupe de policiers du RAID et en lien avec l&rsquo;ambasadeur de France, mon ami David Martinon, repli\u00e9 \u00e0 l&rsquo;a\u00e9roport international, il a accueilli \u00e0 l&rsquo;ambassade plusieurs centaines de r\u00e9fugi\u00e9s afghans titulaires d&rsquo;un visa pour la France. Fils de harki, il tenait \u00e0 les prot\u00e9ger et \u00e0 les \u00e9vacuer. Les h\u00e9licopt\u00e8res ayant subi des tirs d&rsquo;artillerie, la voie a\u00e9rienne leur \u00e9tait ferm\u00e9e pour quitter l&rsquo;ambassade. Mohamed Bida et ses hommes ont d\u00fb affr\u00e9ter des bus et n\u00e9gocier avec les talibans qui contr\u00f4laient les rues un accord pour autoriser leur transit jusqu&rsquo;\u00e0 l&rsquo;a\u00e9roport. Arriv\u00e9s sur place, il a pendant dix jours encore, sur instructions de Paris identifi\u00e9, accueilli et exfiltr\u00e9 plusieurs centaines d&rsquo;Afghans qui cherchaient \u00e0 fuir le r\u00e9gime.<\/p>\n<p>C&rsquo;est cette histoire v\u00e9cue que Martin Bourboulon, le r\u00e9alisateur \u00e0 succ\u00e8s de com\u00e9dies grand public (<em>Papa ou Maman<\/em>) et de films historiques (<a href=\"https:\/\/un-film-un-jour.com\/index.php\/2021\/10\/14\/eiffel\/\"><em>Eiffel<\/em><\/a>, <a href=\"https:\/\/un-film-un-jour.com\/index.php\/2023\/04\/05\/les-trois-mousquetaires-dartagnan\/\"><em>Les Trois Mousquetaires<\/em><\/a>), a reconstitu\u00e9 au Maroc, faute de pouvoir tourner en Afghanistan. Pour interpr\u00e9ter le r\u00f4le du commandant Bida, il a fait le bon choix avec Roschdy Zem qui lui insuffle ce m\u00e9lange parfait d&rsquo;hyper-virilit\u00e9 et d&rsquo;humanit\u00e9. Pour le r\u00f4le de l&rsquo;interpr\u00e8te masculin qui a accompagn\u00e9 Bida dans ses n\u00e9gociations, il a fait le choix plus discutable d&rsquo;une actrice. Et pour faire bonne mesure, il a invent\u00e9 de toutes pi\u00e8ces une journaliste courageuse, jou\u00e9e par Sidse Babett Knudsen (<em>Borgen<\/em>, <a href=\"https:\/\/un-film-un-jour.com\/index.php\/2016\/07\/06\/lhermine\/\"><em>L&rsquo;Hermine<\/em><\/a>, <a href=\"https:\/\/un-film-un-jour.com\/index.php\/2016\/12\/16\/la-fille-de-brest\/\"><em>La Fille de Brest<\/em><\/a>).<\/p>\n<p>Le r\u00e9sultat a des airs de blockbuster am\u00e9ricain. Il en a surtout les d\u00e9fauts : des sc\u00e8nes d&rsquo;action paroxystiques dont on sait par avance l&rsquo;issue heureuse, rien sur la guerre en Afghanistan, les ressorts du retrait am\u00e9ricain, l&rsquo;offensive \u00e9clair des talibans ou le r\u00e9gime th\u00e9ocratique qu&rsquo;ils mettent en place, rien non plus sur les personnages r\u00e9duits \u00e0 des caricatures.<\/p>\n<p>PS : Cette affiche vous en rappelle-t-elle une autre ?<\/p>\n<p><a href=\"https:\/\/www.allocine.fr\/video\/player_gen_cmedia=20619848&amp;cfilm=1000003414.html\">La bande-annonce<\/a><\/p>\n","protected":false},"excerpt":{"rendered":"<p>En ao\u00fbt 2021, les Am\u00e9ricains abandonnent l&rsquo;Afghanistan aux Talibans. La France lance l&rsquo;op\u00e9ration Apagan pour fermer son ambassade, rapatrier son personnel diplomatique et consulaire et avec lui plusieurs milliers d&rsquo;Afghans pers\u00e9cut\u00e9s par le r\u00e9gime. Commandant de police, attach\u00e9 de s\u00e9curit\u00e9 de police adjoint \u00e0 l&rsquo;ambassade de France en Afghanistan, \u00e0 quelques semaines de la retraite, [&hellip;]<\/p>\n","protected":false},"author":1,"featured_media":0,"comment_status":"open","ping_status":"open","sticky":false,"template":"","format":"standard","meta":{"footnotes":""},"categories":[129,135],"tags":[],"class_list":["post-26216","post","type-post","status-publish","format-standard","hentry","category-films-sortis-en-2025","category-films-sortis-en-juin-2025"],"_links":{"self":[{"href":"https:\/\/un-film-un-jour.com\/index.php\/wp-json\/wp\/v2\/posts\/26216","targetHints":{"allow":["GET"]}}],"collection":[{"href":"https:\/\/un-film-un-jour.com\/index.php\/wp-json\/wp\/v2\/posts"}],"about":[{"href":"https:\/\/un-film-un-jour.com\/index.php\/wp-json\/wp\/v2\/types\/post"}],"author":[{"embeddable":true,"href":"https:\/\/un-film-un-jour.com\/index.php\/wp-json\/wp\/v2\/users\/1"}],"replies":[{"embeddable":true,"href":"https:\/\/un-film-un-jour.com\/index.php\/wp-json\/wp\/v2\/comments?post=26216"}],"version-history":[{"count":3,"href":"https:\/\/un-film-un-jour.com\/index.php\/wp-json\/wp\/v2\/posts\/26216\/revisions"}],"predecessor-version":[{"id":26229,"href":"https:\/\/un-film-un-jour.com\/index.php\/wp-json\/wp\/v2\/posts\/26216\/revisions\/26229"}],"wp:attachment":[{"href":"https:\/\/un-film-un-jour.com\/index.php\/wp-json\/wp\/v2\/media?parent=26216"}],"wp:term":[{"taxonomy":"category","embeddable":true,"href":"https:\/\/un-film-un-jour.com\/index.php\/wp-json\/wp\/v2\/categories?post=26216"},{"taxonomy":"post_tag","embeddable":true,"href":"https:\/\/un-film-un-jour.com\/index.php\/wp-json\/wp\/v2\/tags?post=26216"}],"curies":[{"name":"wp","href":"https:\/\/api.w.org\/{rel}","templated":true}]}}