{"id":26257,"date":"2025-07-03T06:58:41","date_gmt":"2025-07-03T05:58:41","guid":{"rendered":"https:\/\/un-film-un-jour.com\/?p=26257"},"modified":"2025-07-03T07:45:43","modified_gmt":"2025-07-03T06:45:43","slug":"rapaces","status":"publish","type":"post","link":"https:\/\/un-film-un-jour.com\/index.php\/2025\/07\/03\/rapaces\/","title":{"rendered":"Rapaces \u2605\u2605\u2606\u2606"},"content":{"rendered":"<p><img loading=\"lazy\" decoding=\"async\" class=\"alignleft size-medium\" src=\"https:\/\/fr.web.img4.acsta.net\/r_1920_1080\/img\/96\/f6\/96f6ca5dd073bb29e8e40d76498034e1.jpg\" width=\"347\" height=\"430\" \/><\/p>\n<p>Samuel (Sami Boudjila) est reporter pour <em>D\u00e9tective<\/em>, un hebdomadaire sp\u00e9cialis\u00e9 dans le fait divers, dirig\u00e9 d&rsquo;une main de fer par Elizabeth (Andr\u00e9a Bescond) que ses coll\u00e8gues, Christian (Jean-Pierre Darroussin), Solveig (Val\u00e9rie Donzelli) et Aubin (St\u00e9fan Cr\u00e9pon), ont surnomm\u00e9e ironiquement maman. Avec sa fille Ava (Mallory Wannecque), \u00e9tudiante en journalisme recrut\u00e9e comme stagiaire \u00e0 la r\u00e9daction, il est missionn\u00e9 dans le Nord pour couvrir un f\u00e9minicide. Son reportage le conduit sur la piste d&rsquo;une bande de dangereux CBistes masculinistes.<\/p>\n<p>La d\u00e9bauche de publicit\u00e9 qui accompagne la sortie de ce petit film fran\u00e7ais a de quoi surprendre. Ses distributeurs esp\u00e8rent avoir le m\u00eame succ\u00e8s que <a href=\"https:\/\/un-film-un-jour.com\/index.php\/2022\/07\/13\/la-nuit-du-12\/\"><em>La Nuit du 12<\/em><\/a>, un polar sans t\u00eate d&rsquo;affiche sur les violences faites aux femmes, qui a remport\u00e9 en 2022 un succ\u00e8s inattendu public (500.000 entr\u00e9es) et critique (six C\u00e9sar dont celui du meilleur film).<\/p>\n<p>Il y a loin de la coupe aux l\u00e8vres. <em>Rapaces<\/em> n&rsquo;arrive pas \u00e0 la cheville de <em>La Nuit du 12<\/em>. La faute \u00e0 un sc\u00e9nario mal \u00e9crit qui se perd dans des histoires secondaires sans int\u00e9r\u00eat : qu&rsquo;apportent le personnage interpr\u00e9t\u00e9 par Jean-Pierre Darroussin &#8211; aussi grande que soit la v\u00e9n\u00e9ration qu&rsquo;on voue \u00e0 cet acteur impeccable &#8211; et sa mission \u00e0 Chamb\u00e9ry sur les traces de deux jumelles dont on a t\u00f4t fait de se d\u00e9sint\u00e9resser ?<br \/>\nLa faute aussi \u00e0 un casting bancal. Sami Bouajila joue le personnage principal. C&rsquo;est un acteur honn\u00eate. Mais il souffre d&rsquo;un handicap dirimant : chacune de ses apparitions fait regretter l&rsquo;absence de Roschdy Zem, qui le d\u00e9passe sur tous les tableaux. Quant \u00e0 Mallory Wanecque, star montante, marchant sur les traces d&rsquo;Ad\u00e8le Exarchopoulos voire d&rsquo;Isabelle Adjani, r\u00e9v\u00e9l\u00e9e dans <a href=\"https:\/\/un-film-un-jour.com\/index.php\/2022\/12\/11\/les-pires\/\"><em>Les Pires<\/em><\/a> (je disais d&rsquo;elle qu&rsquo;elle y \u00e9tait \u00ab\u00a0belle comme un c\u0153ur, affolante Lolita d\u2019une sensualit\u00e9 alarmante\u00a0\u00bb) et consacr\u00e9e par <a href=\"https:\/\/un-film-un-jour.com\/index.php\/2024\/10\/22\/lamour-ouf\/\"><em>L&rsquo;Amour ouf<\/em><\/a>, elle est trop sexy, trop maquill\u00e9e, pour \u00eatre cr\u00e9dible dans un r\u00f4le qui requ\u00e9rait plus de cerveau et moins de poitrine.<\/p>\n<p>Au bout d&rsquo;une heure, je pensais que les jeux \u00e9taient faits et que <em>Rapaces<\/em> ne valait d\u00e9cid\u00e9ment pas b\u00e9zef. Quand, soudain, l&rsquo;histoire m&rsquo;a clou\u00e9 dans un restoroute au milieu des champs (de houblon ?) dans une sc\u00e8ne haletante, l&rsquo;une des meilleures qu&rsquo;il m&rsquo;ait \u00e9t\u00e9 donn\u00e9 de voir r\u00e9cemment. La sc\u00e8ne dure une quinzaine de minutes, d\u00e9s\u00e9quilibre le film, mais lui donne une saveur dont sans elle il aurait \u00e9t\u00e9 cruellement d\u00e9pourvu.<\/p>\n<p><a href=\"https:\/\/www.allocine.fr\/video\/player_gen_cmedia=20621587&amp;cfilm=1000000194.html\">La bande-annonce<\/a><\/p>\n","protected":false},"excerpt":{"rendered":"<p>Samuel (Sami Boudjila) est reporter pour D\u00e9tective, un hebdomadaire sp\u00e9cialis\u00e9 dans le fait divers, dirig\u00e9 d&rsquo;une main de fer par Elizabeth (Andr\u00e9a Bescond) que ses coll\u00e8gues, Christian (Jean-Pierre Darroussin), Solveig (Val\u00e9rie Donzelli) et Aubin (St\u00e9fan Cr\u00e9pon), ont surnomm\u00e9e ironiquement maman. Avec sa fille Ava (Mallory Wannecque), \u00e9tudiante en journalisme recrut\u00e9e comme stagiaire \u00e0 la r\u00e9daction, [&hellip;]<\/p>\n","protected":false},"author":1,"featured_media":0,"comment_status":"open","ping_status":"open","sticky":false,"template":"","format":"standard","meta":{"footnotes":""},"categories":[129,137],"tags":[],"class_list":["post-26257","post","type-post","status-publish","format-standard","hentry","category-films-sortis-en-2025","category-films-sortis-en-juillet-2025"],"_links":{"self":[{"href":"https:\/\/un-film-un-jour.com\/index.php\/wp-json\/wp\/v2\/posts\/26257","targetHints":{"allow":["GET"]}}],"collection":[{"href":"https:\/\/un-film-un-jour.com\/index.php\/wp-json\/wp\/v2\/posts"}],"about":[{"href":"https:\/\/un-film-un-jour.com\/index.php\/wp-json\/wp\/v2\/types\/post"}],"author":[{"embeddable":true,"href":"https:\/\/un-film-un-jour.com\/index.php\/wp-json\/wp\/v2\/users\/1"}],"replies":[{"embeddable":true,"href":"https:\/\/un-film-un-jour.com\/index.php\/wp-json\/wp\/v2\/comments?post=26257"}],"version-history":[{"count":11,"href":"https:\/\/un-film-un-jour.com\/index.php\/wp-json\/wp\/v2\/posts\/26257\/revisions"}],"predecessor-version":[{"id":26281,"href":"https:\/\/un-film-un-jour.com\/index.php\/wp-json\/wp\/v2\/posts\/26257\/revisions\/26281"}],"wp:attachment":[{"href":"https:\/\/un-film-un-jour.com\/index.php\/wp-json\/wp\/v2\/media?parent=26257"}],"wp:term":[{"taxonomy":"category","embeddable":true,"href":"https:\/\/un-film-un-jour.com\/index.php\/wp-json\/wp\/v2\/categories?post=26257"},{"taxonomy":"post_tag","embeddable":true,"href":"https:\/\/un-film-un-jour.com\/index.php\/wp-json\/wp\/v2\/tags?post=26257"}],"curies":[{"name":"wp","href":"https:\/\/api.w.org\/{rel}","templated":true}]}}