{"id":26363,"date":"2025-07-16T08:46:40","date_gmt":"2025-07-16T07:46:40","guid":{"rendered":"https:\/\/un-film-un-jour.com\/?p=26363"},"modified":"2025-07-16T09:11:25","modified_gmt":"2025-07-16T08:11:25","slug":"in-the-summers","status":"publish","type":"post","link":"https:\/\/un-film-un-jour.com\/index.php\/2025\/07\/16\/in-the-summers\/","title":{"rendered":"In the Summers \u2605\u2605\u2605\u2606"},"content":{"rendered":"<p><img loading=\"lazy\" decoding=\"async\" class=\"alignleft size-medium\" src=\"https:\/\/fr.web.img5.acsta.net\/r_1920_1080\/img\/bf\/d1\/bfd100f748644688bc165f58e208452c.jpg\" width=\"347\" height=\"430\" \/><\/p>\n<p>Vicente a deux filles. Leur m\u00e8re a obtenu leur garde et les \u00e9l\u00e8ve en Californie. Mais chaque \u00e9t\u00e9, Violeta et Eva prennent l&rsquo;avion pour le Nouveau-Mexique et viennent passer quelques semaines de vacances chez leur p\u00e8re.<\/p>\n<p><em>In the Summers<\/em> est le premier film, tourn\u00e9 sans stars, d&rsquo;une r\u00e9alisatrice am\u00e9ricano-colombienne qui a puis\u00e9 dans ses souvenirs d&rsquo;enfance. Sa bande-annonce m&rsquo;avait laiss\u00e9 craindre le pire : l&rsquo;incontournable r\u00e9demption d&rsquo;un p\u00e8re qui r\u00e9ussira \u00e0 combattre les d\u00e9mons qui le rongent pour retrouver l&rsquo;amour de ses filles qu&rsquo;il aime si fort.<\/p>\n<p>Mais, prim\u00e9 \u00e0 Deauville et \u00e0 Sundance, <em>In the Summers<\/em> est autrement plus subtil que le pathos gluant que je m&rsquo;\u00e9tais invent\u00e9.<\/p>\n<p>Sur la forme : avec quasiment aucune indication de lieu (m\u00eame si on parvient \u00e0 comprendre que l&rsquo;action se d\u00e9roule dans une petite ville perdue du Nouveau-Mexique proche de la fronti\u00e8re) ni de temps, <em>In the Summers<\/em> laisse lentement se deviner son sujet : raconter une relation p\u00e8re-filles \u00e0 travers quatre \u00e9t\u00e9s pass\u00e9s ensemble, sans rien dire des (longues) p\u00e9riodes qui les s\u00e9parent. Lors du tout premier, Eva et Violeta sont encore des fillettes d&rsquo;une dizaine d&rsquo;ann\u00e9es \u00e0 peine. Lors du quatri\u00e8me, elles sont devenues adultes.<\/p>\n<p>Sur le fond : <em>In the Summers<\/em> est beaucoup plus ambigu qu&rsquo;une happy end story. Il doit sa justesse \u00e0 son personnage principal interpr\u00e9t\u00e9 par Ren\u00e9 P\u00e9rez Joglar alias Residente, rappeur portoricain connu sur la sc\u00e8ne musicale, qui se r\u00e9v\u00e8le un acteur \u00e9tonnant. D\u00e8s la premi\u00e8re sc\u00e8ne, au soin maniaque qu&rsquo;il prend \u00e0 rapetasser sa maison pour y recevoir ses filles, on per\u00e7oit son anxi\u00e9t\u00e9, son souci de bien faire, sa peur que ses addictions \u00e0 l&rsquo;alcool et \u00e0 la drogue ne reprennent le dessus. On ne dira rien de plus sur la fa\u00e7on dont sa relation avec ses filles \u00e9volue d&rsquo;un \u00e9t\u00e9 \u00e0 l&rsquo;autre, sachant qu&rsquo;on en a d\u00e9j\u00e0 peut-\u00eatre trop dit en \u00e9voquant l&rsquo;absence de <em>happy end<\/em>. Disons simplement que le film r\u00e9ussit \u00e0 nous surprendre en \u00e9vitant les rebondissements les plus convenus.<\/p>\n<p>D\u00e9pourvu de tout pathos et de toute complaisance, <em>In the summers<\/em> surprend par l&rsquo;originalit\u00e9 de sa construction et par la justesse de son ton.<\/p>\n<p><a href=\"https:\/\/www.allocine.fr\/video\/player_gen_cmedia=20607839&amp;cfilm=318072.html\">La bande-annonce<\/a><\/p>\n","protected":false},"excerpt":{"rendered":"<p>Vicente a deux filles. Leur m\u00e8re a obtenu leur garde et les \u00e9l\u00e8ve en Californie. Mais chaque \u00e9t\u00e9, Violeta et Eva prennent l&rsquo;avion pour le Nouveau-Mexique et viennent passer quelques semaines de vacances chez leur p\u00e8re. In the Summers est le premier film, tourn\u00e9 sans stars, d&rsquo;une r\u00e9alisatrice am\u00e9ricano-colombienne qui a puis\u00e9 dans ses souvenirs [&hellip;]<\/p>\n","protected":false},"author":1,"featured_media":0,"comment_status":"open","ping_status":"open","sticky":false,"template":"","format":"standard","meta":{"footnotes":""},"categories":[129,137,7],"tags":[],"class_list":["post-26363","post","type-post","status-publish","format-standard","hentry","category-films-sortis-en-2025","category-films-sortis-en-juillet-2025","category-mes-coups-de-coeur"],"_links":{"self":[{"href":"https:\/\/un-film-un-jour.com\/index.php\/wp-json\/wp\/v2\/posts\/26363","targetHints":{"allow":["GET"]}}],"collection":[{"href":"https:\/\/un-film-un-jour.com\/index.php\/wp-json\/wp\/v2\/posts"}],"about":[{"href":"https:\/\/un-film-un-jour.com\/index.php\/wp-json\/wp\/v2\/types\/post"}],"author":[{"embeddable":true,"href":"https:\/\/un-film-un-jour.com\/index.php\/wp-json\/wp\/v2\/users\/1"}],"replies":[{"embeddable":true,"href":"https:\/\/un-film-un-jour.com\/index.php\/wp-json\/wp\/v2\/comments?post=26363"}],"version-history":[{"count":4,"href":"https:\/\/un-film-un-jour.com\/index.php\/wp-json\/wp\/v2\/posts\/26363\/revisions"}],"predecessor-version":[{"id":26372,"href":"https:\/\/un-film-un-jour.com\/index.php\/wp-json\/wp\/v2\/posts\/26363\/revisions\/26372"}],"wp:attachment":[{"href":"https:\/\/un-film-un-jour.com\/index.php\/wp-json\/wp\/v2\/media?parent=26363"}],"wp:term":[{"taxonomy":"category","embeddable":true,"href":"https:\/\/un-film-un-jour.com\/index.php\/wp-json\/wp\/v2\/categories?post=26363"},{"taxonomy":"post_tag","embeddable":true,"href":"https:\/\/un-film-un-jour.com\/index.php\/wp-json\/wp\/v2\/tags?post=26363"}],"curies":[{"name":"wp","href":"https:\/\/api.w.org\/{rel}","templated":true}]}}