{"id":26590,"date":"2025-08-21T07:59:43","date_gmt":"2025-08-21T06:59:43","guid":{"rendered":"https:\/\/un-film-un-jour.com\/?p=26590"},"modified":"2025-08-22T22:09:21","modified_gmt":"2025-08-22T21:09:21","slug":"valeur-sentimentale","status":"publish","type":"post","link":"https:\/\/un-film-un-jour.com\/index.php\/2025\/08\/21\/valeur-sentimentale\/","title":{"rendered":"Valeur sentimentale \u2605\u2606\u2606\u2606"},"content":{"rendered":"<p><img loading=\"lazy\" decoding=\"async\" class=\"alignleft size-medium\" src=\"https:\/\/www.franceinfo.fr\/pictures\/zRxigVSWPtW2QMleX6o2nLlOMow\/0x0:810x1080\/fit-in\/720x\/filters:format(avif):quality(50)\/2025\/08\/11\/valeur-sentimentale-affiche-6899a1438fb86438448998.jpg\" width=\"347\" height=\"430\" \/><\/p>\n<p>Gustav Borg (Stellan Skarsg\u00e5rd) est un grand r\u00e9alisateur su\u00e9dois au cr\u00e9puscule de sa vie. Il revient \u00e0 Oslo pour les fun\u00e9railles de sa premi\u00e8re femme et la vente de sa maison. C&rsquo;est l\u00e0 qu&rsquo;il a \u00e9lev\u00e9 ses deux filles avant de les quitter, les laissant \u00e0 jamais frustr\u00e9es de l&rsquo;amour paternel. L\u2019a\u00een\u00e9e Nora (Renate Reinsve) est devenue une actrice de th\u00e9\u00e2tre renomm\u00e9e ; mais elle est d\u00e9vor\u00e9e par un trac maladif et travers\u00e9e de pulsions suicidaires. La cadette Agnes (Inga Ibsdotter Lilleaas), mari\u00e9e et m\u00e8re de famille, m\u00e8ne une vie plus \u00e9quilibr\u00e9e.<br \/>\nNora refuse de tenir le r\u00f4le principal du prochain film de son p\u00e8re qui se tourne alors vers une star hollywoodienne Rachel Kemp (Elle Fanning).<\/p>\n<p><em>Valeur sentimentale <\/em>a rat\u00e9 de peu la Palme d\u2019or \u00e0 Cannes, d\u00e9cern\u00e9e \u00e0 un film iranien. Il en est reparti avec un prix de consolation et un bouche-\u00e0-oreille \u00e9logieux. La renomm\u00e9e de son auteur, de son actrice principale, prix d&rsquo;interpr\u00e9tation f\u00e9minine \u00e0 Cannes en 2021, ajout\u00e9s \u00e0 l&rsquo;engouement saisonnier pour les films scandinaves (<a href=\"https:\/\/un-film-un-jour.com\/index.php\/2025\/06\/26\/loveable\/\"><em>Loveable<\/em><\/a>, <a href=\"https:\/\/un-film-un-jour.com\/index.php\/2025\/07\/17\/la-trilogie-doslo\/\">la trilogie d\u2019Oslo<\/a>&#8230;) en faisaient un des films les plus attendus de l\u2019\u00e9t\u00e9.<\/p>\n<p>Je suis rest\u00e9 sur ma faim. Force est de reconna\u00eetre \u00e0 Joachim Trier d\u2019ind\u00e9niables qualit\u00e9s. La principale est peut-\u00eatre sa direction d&rsquo;acteurs. Stellan Skarsg\u00e5rd, Renate Reinsve, Inga Ibsdotter Lilleaas, Elle Fanning y sont chacun \u00e0 leur fa\u00e7on extraordinaires. Ils campent des personnages d\u2019une grande complexit\u00e9. Le p\u00e8re volage est \u00e9tonnamment attachant ; les filles traumatis\u00e9es (traumatis\u00e9es par quoi au juste ?) ne se r\u00e9duisent pas \u00e0 une posture victimaire.<\/p>\n<p>Ma d\u00e9ception a deux causes. La premi\u00e8re vient du sc\u00e9nario et du montage. Bizarrement introduite par une voix off &#8211; dont on ne connaitra jamais l&rsquo;identit\u00e9 &#8211; le r\u00e9cit se pr\u00e9sente comme une saga dont la maison familiale constitue peut-\u00eatre le personnage principal, avant de changer de direction et de se focaliser sur Gustav et ses filles. On perd m\u00eame de vue en cours de route le partage de l&rsquo;h\u00e9ritage de la m\u00e8re, cens\u00e9 donner sa signification au titre du film, pour se concentrer sur la pr\u00e9paration du tournage de Gustav.<\/p>\n<p>Plus grave \u00e0 mes yeux : je n&rsquo;ai rien ressenti. Je dois avouer, le rouge au front, que c&rsquo;est aussi mon probl\u00e8me face aux grands films de Bergman. Ses longues sc\u00e8nes de m\u00e9nage m&rsquo;ont toujours laiss\u00e9 insensible. On a dit que\u00a0<em>Valeur sentimentale<\/em> \u00e9tait un grand film bergmanien qui diss\u00e9quait les traumas enfouis d&rsquo;une famille. C&rsquo;est sans doute un compliment. Mais h\u00e9las pour moi, cette qualit\u00e9 n&rsquo;en est pas une.<\/p>\n<p><a href=\"https:\/\/www.youtube.com\/watch?v=Dyij9Wh375o\">La bande-annonce<\/a><\/p>\n","protected":false},"excerpt":{"rendered":"<p>Gustav Borg (Stellan Skarsg\u00e5rd) est un grand r\u00e9alisateur su\u00e9dois au cr\u00e9puscule de sa vie. Il revient \u00e0 Oslo pour les fun\u00e9railles de sa premi\u00e8re femme et la vente de sa maison. C&rsquo;est l\u00e0 qu&rsquo;il a \u00e9lev\u00e9 ses deux filles avant de les quitter, les laissant \u00e0 jamais frustr\u00e9es de l&rsquo;amour paternel. L\u2019a\u00een\u00e9e Nora (Renate Reinsve) [&hellip;]<\/p>\n","protected":false},"author":1,"featured_media":0,"comment_status":"open","ping_status":"open","sticky":false,"template":"","format":"standard","meta":{"footnotes":""},"categories":[129,138],"tags":[],"class_list":["post-26590","post","type-post","status-publish","format-standard","hentry","category-films-sortis-en-2025","category-films-sortis-en-aout-2025"],"_links":{"self":[{"href":"https:\/\/un-film-un-jour.com\/index.php\/wp-json\/wp\/v2\/posts\/26590","targetHints":{"allow":["GET"]}}],"collection":[{"href":"https:\/\/un-film-un-jour.com\/index.php\/wp-json\/wp\/v2\/posts"}],"about":[{"href":"https:\/\/un-film-un-jour.com\/index.php\/wp-json\/wp\/v2\/types\/post"}],"author":[{"embeddable":true,"href":"https:\/\/un-film-un-jour.com\/index.php\/wp-json\/wp\/v2\/users\/1"}],"replies":[{"embeddable":true,"href":"https:\/\/un-film-un-jour.com\/index.php\/wp-json\/wp\/v2\/comments?post=26590"}],"version-history":[{"count":7,"href":"https:\/\/un-film-un-jour.com\/index.php\/wp-json\/wp\/v2\/posts\/26590\/revisions"}],"predecessor-version":[{"id":26609,"href":"https:\/\/un-film-un-jour.com\/index.php\/wp-json\/wp\/v2\/posts\/26590\/revisions\/26609"}],"wp:attachment":[{"href":"https:\/\/un-film-un-jour.com\/index.php\/wp-json\/wp\/v2\/media?parent=26590"}],"wp:term":[{"taxonomy":"category","embeddable":true,"href":"https:\/\/un-film-un-jour.com\/index.php\/wp-json\/wp\/v2\/categories?post=26590"},{"taxonomy":"post_tag","embeddable":true,"href":"https:\/\/un-film-un-jour.com\/index.php\/wp-json\/wp\/v2\/tags?post=26590"}],"curies":[{"name":"wp","href":"https:\/\/api.w.org\/{rel}","templated":true}]}}