{"id":27025,"date":"2025-10-18T09:10:31","date_gmt":"2025-10-18T08:10:31","guid":{"rendered":"https:\/\/un-film-un-jour.com\/?p=27025"},"modified":"2025-10-18T09:46:11","modified_gmt":"2025-10-18T08:46:11","slug":"le-dernier-compromis","status":"publish","type":"post","link":"https:\/\/un-film-un-jour.com\/index.php\/2025\/10\/18\/le-dernier-compromis\/","title":{"rendered":"Le Dernier Compromis \u2605\u2605\u2606\u2606"},"content":{"rendered":"<p><img loading=\"lazy\" decoding=\"async\" class=\"alignleft size-medium\" src=\"https:\/\/fr.web.img5.acsta.net\/r_1920_1080\/img\/b5\/82\/b5824d9d495e0331504467b9e0c29b63.jpg\" width=\"347\" height=\"430\" \/><\/p>\n<p>La documentariste Anne Fonteneau a suivi pas \u00e0 pas Laurent Berger, le secr\u00e9taire g\u00e9n\u00e9ral de la CFDT, la premi\u00e8re centrale syndicale de France, pendant les six derniers mois de ses fonctions d\u00e9but 2023. La p\u00e9riode co\u00efncide avec la discussion au Parlement de la r\u00e9forme des retraites et le bras de fer engag\u00e9 avec le Gouvernement.<\/p>\n<p>\u00c0 quoi vous fait penser l&rsquo;affiche de ce documentaire ? \u00c0 celle du <em>Parrain<\/em> avec Marlon Brando ? J&rsquo;ai interrog\u00e9 Anne Fonteneau hier soir \u00e0 la sortie de la salle du Quartier-Latin o\u00f9 elle \u00e9tait venue pr\u00e9senter son film pour savoir si cette ressemblance \u00e9tait voulue ou fortuite. Elle m&rsquo;a r\u00e9pondu que le maquettiste auquel avait \u00e9t\u00e9 pass\u00e9e la commande de cette affiche avait re\u00e7u le film comme un thriller politique et avait con\u00e7u l&rsquo;affiche \u00e0 partir de ce point de vue.<br \/>\nJe ne partage pas ce ressenti.\u00a0<em>Le Dernier Compromis<\/em> n&rsquo;est pas un thriller et Laurent Berger n&rsquo;est pas un chef de clan.<\/p>\n<p>C&rsquo;est un homme totalement investi dans son travail, qui s&rsquo;y consacre corps et \u00e2me. Anne Fonteneau a manifestement voulu entrer dans son intimit\u00e9 alors que l&rsquo;homme s&rsquo;affirme pudique et le restera tout du long. Tout au plus d\u00e9couvre-t-on son go\u00fbt pour le baby-foot et la chanson fran\u00e7aise qui lui permettent de d\u00e9compresser. Mais de l&rsquo;homme Laurent Berger, on n&rsquo;apprend rien ou pas grand-chose sinon qu&rsquo;il a h\u00e9rit\u00e9 de ses parents son engagement syndical et qu&rsquo;il a fait ses premi\u00e8res armes dans une humble section de la CFDT \u00e0 Saint-Nazaire en Loire-Atlantique.<br \/>\nLe documentaire le filme \u00e0 la fin d&rsquo;un mandat long de onze ann\u00e9es. On ressent \u00e0 la fois une grande lassitude, un profond \u00e9puisement et aussi une anxi\u00e9t\u00e9, chez cet homme de cinquante-cinq ans \u00e0 peine, pour la \u00ab\u00a0vie d&rsquo;apr\u00e8s\u00a0\u00bb : il se sait hyper-actif et redoute une brutale d\u00e9compression (depuis septembre 2023 Laurent Berger travaille au Cr\u00e9dit mutuel&#8230; et reconna\u00eet ouvertement s&rsquo;y ennuyer un peu).<\/p>\n<p><em>Le Dernier Compromis<\/em> est l&rsquo;occasion de revivre de l&rsquo;int\u00e9rieur le conflit des retraites qui a rythm\u00e9 tout le d\u00e9but de l&rsquo;ann\u00e9e 2023. Ce bras-de-fer s&rsquo;est piteusement termin\u00e9 par l&rsquo;utilisation du 49.3 qui a permis le passage en force de la r\u00e9forme. On mesure r\u00e9trospectivement l&rsquo;erreur strat\u00e9gique commise par Emmanuel Macron et sa premi\u00e8re ministre. En refusant d&rsquo;aller au bout du d\u00e9bat parlementaire, il s&rsquo;est priv\u00e9 de la meilleure issue possible (soit la r\u00e9forme \u00e9tait vot\u00e9e, d\u00e9montrant ainsi que le Gouvernement b\u00e9n\u00e9ficiait du soutien d&rsquo;une majorit\u00e9 de parlementaires, soit elle ne l&rsquo;\u00e9tait pas et le Gouvernement aurait \u00e9t\u00e9 vaincu la t\u00eate haute) et a pr\u00e9f\u00e9r\u00e9 donn\u00e9 l&rsquo;image de l&rsquo;ent\u00eatement et de la surdit\u00e9.<\/p>\n<p>Le d\u00e9faut de ce <em>Dernier Compromis<\/em> est de rester \u00e0 la surface des choses. Il \u00e9choue \u00e0 percer la carapace d\u00e9cid\u00e9ment trop \u00e9paisse de Laurent Berger ; il \u00e9choue \u00e0 d\u00e9cortiquer les tenants et aboutissants de la r\u00e9forme des retraites de 2023. Dommage&#8230;<\/p>\n<p><a href=\"https:\/\/www.allocine.fr\/video\/player_gen_cmedia=20625870&amp;cfilm=1000030236.html\">La bande-annonce<\/a><\/p>\n","protected":false},"excerpt":{"rendered":"<p>La documentariste Anne Fonteneau a suivi pas \u00e0 pas Laurent Berger, le secr\u00e9taire g\u00e9n\u00e9ral de la CFDT, la premi\u00e8re centrale syndicale de France, pendant les six derniers mois de ses fonctions d\u00e9but 2023. La p\u00e9riode co\u00efncide avec la discussion au Parlement de la r\u00e9forme des retraites et le bras de fer engag\u00e9 avec le Gouvernement. [&hellip;]<\/p>\n","protected":false},"author":1,"featured_media":0,"comment_status":"open","ping_status":"open","sticky":false,"template":"","format":"standard","meta":{"footnotes":""},"categories":[129,139],"tags":[],"class_list":["post-27025","post","type-post","status-publish","format-standard","hentry","category-films-sortis-en-2025","category-films-sortis-en-octobre-2025"],"_links":{"self":[{"href":"https:\/\/un-film-un-jour.com\/index.php\/wp-json\/wp\/v2\/posts\/27025","targetHints":{"allow":["GET"]}}],"collection":[{"href":"https:\/\/un-film-un-jour.com\/index.php\/wp-json\/wp\/v2\/posts"}],"about":[{"href":"https:\/\/un-film-un-jour.com\/index.php\/wp-json\/wp\/v2\/types\/post"}],"author":[{"embeddable":true,"href":"https:\/\/un-film-un-jour.com\/index.php\/wp-json\/wp\/v2\/users\/1"}],"replies":[{"embeddable":true,"href":"https:\/\/un-film-un-jour.com\/index.php\/wp-json\/wp\/v2\/comments?post=27025"}],"version-history":[{"count":5,"href":"https:\/\/un-film-un-jour.com\/index.php\/wp-json\/wp\/v2\/posts\/27025\/revisions"}],"predecessor-version":[{"id":27043,"href":"https:\/\/un-film-un-jour.com\/index.php\/wp-json\/wp\/v2\/posts\/27025\/revisions\/27043"}],"wp:attachment":[{"href":"https:\/\/un-film-un-jour.com\/index.php\/wp-json\/wp\/v2\/media?parent=27025"}],"wp:term":[{"taxonomy":"category","embeddable":true,"href":"https:\/\/un-film-un-jour.com\/index.php\/wp-json\/wp\/v2\/categories?post=27025"},{"taxonomy":"post_tag","embeddable":true,"href":"https:\/\/un-film-un-jour.com\/index.php\/wp-json\/wp\/v2\/tags?post=27025"}],"curies":[{"name":"wp","href":"https:\/\/api.w.org\/{rel}","templated":true}]}}