{"id":27722,"date":"2026-01-22T08:53:48","date_gmt":"2026-01-22T07:53:48","guid":{"rendered":"https:\/\/un-film-un-jour.com\/?p=27722"},"modified":"2026-01-22T08:54:03","modified_gmt":"2026-01-22T07:54:03","slug":"tout-va-bien","status":"publish","type":"post","link":"https:\/\/un-film-un-jour.com\/index.php\/2026\/01\/22\/tout-va-bien\/","title":{"rendered":"Tout va bien \u2605\u2605\u2606\u2606"},"content":{"rendered":"<p><img loading=\"lazy\" decoding=\"async\" class=\"alignleft size-medium\" src=\"https:\/\/fr.web.img4.acsta.net\/r_1920_1080\/img\/a2\/8e\/a28ef8844e6996babaf95dbcd4539c37.jpeg\" width=\"347\" height=\"430\" \/><\/p>\n<p>Le documentariste Thomas Ellis est revenu dans sa ville natale et y a film\u00e9 entre 2022 et 2024 une poign\u00e9e de mineurs non accompagn\u00e9s (MNA) que l&rsquo;Aide sociale \u00e0 l&rsquo;enfance des Bouches-du-Rh\u00f4ne accompagne dans leurs parcours d&rsquo;int\u00e9gration. Il s&rsquo;est attach\u00e9 \u00e0 cinq d&rsquo;entre eux : Aminata, une jeune Guin\u00e9enne qui a fui un mariage arrang\u00e9 et qui commence des \u00e9tudes d&rsquo;aide soignante, Abdoulaye et Tidiane, deux fr\u00e8res s\u00e9n\u00e9galais, Khalil, un Alg\u00e9rien dont la pi\u00e8tre ma\u00eetrise du fran\u00e7ais complique l&rsquo;int\u00e9gration, Junior, un S\u00e9n\u00e9galais qui r\u00eave de devenir star de foot mais qui doit revoir ses ambitions \u00e0 la baisse.<\/p>\n<p>Le documentaire commence par un long plan muet et aquatique \u00e0 la signification confuse. On imagine, sans en \u00eatre certain, qu&rsquo;il s&rsquo;agit d&rsquo;images de noyades auxquelles ces immigr\u00e9s ont peut-\u00eatre surv\u00e9cu en traversant la M\u00e9diterran\u00e9e. On n&rsquo;y reviendra pas, le documentaire ayant pris le parti de ne pas interroger ses protagonistes sur la mani\u00e8re dont ils sont arriv\u00e9s en France.<\/p>\n<p>Le documentaire, comme son titre le claironne, se veut positif. Son titre pourrait \u00eatre une antiphrase : m\u00eame si les jeunes assurent au t\u00e9l\u00e9phone \u00e0 leurs parents,\u00a0 rest\u00e9s au pays, que \u00ab\u00a0tout va bien\u00a0\u00bb, leur vie en France n&rsquo;est pas facile. Mais le message du film se veut optimiste. Comme Thomas Ellis l&rsquo;a racont\u00e9 lors des dizaines d&rsquo;avant-premi\u00e8res organis\u00e9es partout en France l&rsquo;automne dernier, ciblant les coll\u00e8ges et les lyc\u00e9es, il a voulu se focaliser sur \u00ab\u00a0des parcours d&rsquo;int\u00e9gration r\u00e9ussis\u00a0\u00bb.<\/p>\n<p>Faut-il lui en faire le reproche ? Faut-il regretter que, parmi les jeunes que Thomas Ellis a suivis, il ne nous ait pas montr\u00e9 ceux dont l&rsquo;int\u00e9gration a \u00e9chou\u00e9, ceux qui ont \u00e9t\u00e9 renvoy\u00e9s dans leur pays d&rsquo;origine, ceux qui ont trich\u00e9 sur leur \u00e2ge pour obtenir une protection \u00e0 laquelle ils n&rsquo;avaient pas droit ?<\/p>\n<p><a href=\"https:\/\/www.allocine.fr\/video\/player_gen_cmedia=20630260&amp;cfilm=1000026775.html\">La bande-annonce<\/a><\/p>\n","protected":false},"excerpt":{"rendered":"<p>Le documentariste Thomas Ellis est revenu dans sa ville natale et y a film\u00e9 entre 2022 et 2024 une poign\u00e9e de mineurs non accompagn\u00e9s (MNA) que l&rsquo;Aide sociale \u00e0 l&rsquo;enfance des Bouches-du-Rh\u00f4ne accompagne dans leurs parcours d&rsquo;int\u00e9gration. Il s&rsquo;est attach\u00e9 \u00e0 cinq d&rsquo;entre eux : Aminata, une jeune Guin\u00e9enne qui a fui un mariage arrang\u00e9 [&hellip;]<\/p>\n","protected":false},"author":1,"featured_media":0,"comment_status":"open","ping_status":"open","sticky":false,"template":"","format":"standard","meta":{"footnotes":""},"categories":[142,144],"tags":[],"class_list":["post-27722","post","type-post","status-publish","format-standard","hentry","category-films-sortis-en-2026","category-films-sortis-en-janvier-2026"],"_links":{"self":[{"href":"https:\/\/un-film-un-jour.com\/index.php\/wp-json\/wp\/v2\/posts\/27722","targetHints":{"allow":["GET"]}}],"collection":[{"href":"https:\/\/un-film-un-jour.com\/index.php\/wp-json\/wp\/v2\/posts"}],"about":[{"href":"https:\/\/un-film-un-jour.com\/index.php\/wp-json\/wp\/v2\/types\/post"}],"author":[{"embeddable":true,"href":"https:\/\/un-film-un-jour.com\/index.php\/wp-json\/wp\/v2\/users\/1"}],"replies":[{"embeddable":true,"href":"https:\/\/un-film-un-jour.com\/index.php\/wp-json\/wp\/v2\/comments?post=27722"}],"version-history":[{"count":4,"href":"https:\/\/un-film-un-jour.com\/index.php\/wp-json\/wp\/v2\/posts\/27722\/revisions"}],"predecessor-version":[{"id":27835,"href":"https:\/\/un-film-un-jour.com\/index.php\/wp-json\/wp\/v2\/posts\/27722\/revisions\/27835"}],"wp:attachment":[{"href":"https:\/\/un-film-un-jour.com\/index.php\/wp-json\/wp\/v2\/media?parent=27722"}],"wp:term":[{"taxonomy":"category","embeddable":true,"href":"https:\/\/un-film-un-jour.com\/index.php\/wp-json\/wp\/v2\/categories?post=27722"},{"taxonomy":"post_tag","embeddable":true,"href":"https:\/\/un-film-un-jour.com\/index.php\/wp-json\/wp\/v2\/tags?post=27722"}],"curies":[{"name":"wp","href":"https:\/\/api.w.org\/{rel}","templated":true}]}}