{"id":27895,"date":"2026-01-29T07:42:06","date_gmt":"2026-01-29T06:42:06","guid":{"rendered":"https:\/\/un-film-un-jour.com\/?p=27895"},"modified":"2026-01-29T09:04:58","modified_gmt":"2026-01-29T08:04:58","slug":"nuremberg","status":"publish","type":"post","link":"https:\/\/un-film-un-jour.com\/index.php\/2026\/01\/29\/nuremberg\/","title":{"rendered":"Nuremberg \u2605\u2606\u2606\u2606"},"content":{"rendered":"<p><img loading=\"lazy\" decoding=\"async\" class=\"alignleft size-medium\" src=\"https:\/\/fr.web.img3.acsta.net\/r_1920_1080\/img\/94\/4a\/944af0dc409db6ca8232363444dbf852.jpg\" width=\"347\" height=\"430\" \/><\/p>\n<p>Le proc\u00e8s de Nuremberg est un incroyable mat\u00e9riau cin\u00e9matographique. Tout y est. Les trois unit\u00e9s : unit\u00e9 de lieu, unit\u00e9 de temps et unit\u00e9 d&rsquo;action. L&rsquo;affrontement manich\u00e9en du bien et du mal. Le suspense (sauf pour ceux qui connaissent d\u00e9j\u00e0 l&rsquo;issue du proc\u00e8s) : les vingt-deux inculp\u00e9s nazis seront-ils condamn\u00e9s \u00e0 mort ? seront-ils ex\u00e9cut\u00e9s ? Des personnages hauts en couleurs : G\u00f6ring, Hess qui feint l&rsquo;amn\u00e9sie, Speer qui feint la contrition, les juges am\u00e9ricain, britannique, fran\u00e7ais et sovi\u00e9tique, le gotha de la presse internationale&#8230;<\/p>\n<p>On f\u00eatera cette ann\u00e9e le quatre-vingti\u00e8me anniversaire de ce proc\u00e8s hors norme qui jugea les dirigeants de l&rsquo;Allemagne nazie et jeta les bases encore fragiles du droit p\u00e9nal international. Y faire retour en ces temps o\u00f9 l&rsquo;ordre international est secou\u00e9 et o\u00f9 la loi du plus fort cherche \u00e0 supplanter la r\u00e8gle de droit n&rsquo;est pas une si sotte id\u00e9e.<\/p>\n<p>James Vanderbilt choisit de le faire via un personnage au r\u00f4le bien particulier : Douglas Kelley, le psychiatre de l&rsquo;arm\u00e9e am\u00e9ricaine, charg\u00e9 de s&rsquo;assurer de la sant\u00e9 mentale des inculp\u00e9s, de pr\u00e9venir d&rsquo;\u00e9ventuels suicides voire de mener des \u00e9tudes pour rechercher si l&rsquo;inclination au Mal de ses dirigeants ne trouvait pas sa source dans une quelconque tare physique. La suite de sa vie apr\u00e8s Nuremberg et les conditions de sa mort sont bri\u00e8vement \u00e9voqu\u00e9es dans le dernier plan du film et auraient m\u00e9rit\u00e9 de plus amples d\u00e9veloppements.<\/p>\n<p>H\u00e9las ce parti pris s&rsquo;av\u00e8re vite mauvais. La faute en revient largement \u00e0 Rami Malek qui joue son personnage avec un demi-sourire fig\u00e9 et une insupportable \u00e9nergie rebondissante. Le film tourne au face-\u00e0-face psychologique, fa\u00e7on\u00a0<em>Le Silence des agneaux<\/em>, entre un prisonnier manipulateur et l&rsquo;auxiliaire de justice novice qui menace de tomber dans ses rets. Face \u00e0 lui se dresse Hermann G\u00f6ring. Russell Crowe, dont les rares apparitions dans de mauvais blockbusters hollywoodiens servent probablement \u00e0 payer ses imp\u00f4ts et ses pensions alimentaires, y est impressionnant, tour \u00e0 tour matois, s\u00e9ducteur et carnassier. Un troisi\u00e8me personnage s&rsquo;invite \u00e0 ce duel : le procureur am\u00e9ricain Robert Jackson, interpr\u00e9t\u00e9 par Michael Shannon, dont le r\u00f4le est de mener l&rsquo;accusation.<\/p>\n<p>Le probl\u00e8me de ce parti-pris n&rsquo;est pas tant de travestir les faits. On serait bien en peine de prendre <em>Nuremberg<\/em> en flagrant d\u00e9lit d&rsquo;erreur historique. Il est de r\u00e9duire l&rsquo;histoire \u00e0 un affrontement entre trois hommes et d&rsquo;en psychologiser l&rsquo;enjeu. Il est aussi de faire du g\u00e9nocide et de son d\u00e9voilement le seul enjeu de ce proc\u00e8s alors qu&rsquo;il y en eut beaucoup d&rsquo;autres, \u00e0 commencer par la m\u00e9fiance grandissante entre les Alli\u00e9s d&rsquo;hier, compl\u00e8tement pass\u00e9e sous silence dans le film.<\/p>\n<p><a href=\"https:\/\/www.allocine.fr\/video\/player_gen_cmedia=20627766&amp;cfilm=324466.html\">La bande-annonce<\/a><\/p>\n","protected":false},"excerpt":{"rendered":"<p>Le proc\u00e8s de Nuremberg est un incroyable mat\u00e9riau cin\u00e9matographique. Tout y est. Les trois unit\u00e9s : unit\u00e9 de lieu, unit\u00e9 de temps et unit\u00e9 d&rsquo;action. L&rsquo;affrontement manich\u00e9en du bien et du mal. Le suspense (sauf pour ceux qui connaissent d\u00e9j\u00e0 l&rsquo;issue du proc\u00e8s) : les vingt-deux inculp\u00e9s nazis seront-ils condamn\u00e9s \u00e0 mort ? seront-ils ex\u00e9cut\u00e9s [&hellip;]<\/p>\n","protected":false},"author":1,"featured_media":0,"comment_status":"open","ping_status":"open","sticky":false,"template":"","format":"standard","meta":{"footnotes":""},"categories":[142,144,6],"tags":[],"class_list":["post-27895","post","type-post","status-publish","format-standard","hentry","category-films-sortis-en-2026","category-films-sortis-en-janvier-2026","category-mes-coups-de-gueule"],"_links":{"self":[{"href":"https:\/\/un-film-un-jour.com\/index.php\/wp-json\/wp\/v2\/posts\/27895","targetHints":{"allow":["GET"]}}],"collection":[{"href":"https:\/\/un-film-un-jour.com\/index.php\/wp-json\/wp\/v2\/posts"}],"about":[{"href":"https:\/\/un-film-un-jour.com\/index.php\/wp-json\/wp\/v2\/types\/post"}],"author":[{"embeddable":true,"href":"https:\/\/un-film-un-jour.com\/index.php\/wp-json\/wp\/v2\/users\/1"}],"replies":[{"embeddable":true,"href":"https:\/\/un-film-un-jour.com\/index.php\/wp-json\/wp\/v2\/comments?post=27895"}],"version-history":[{"count":7,"href":"https:\/\/un-film-un-jour.com\/index.php\/wp-json\/wp\/v2\/posts\/27895\/revisions"}],"predecessor-version":[{"id":27945,"href":"https:\/\/un-film-un-jour.com\/index.php\/wp-json\/wp\/v2\/posts\/27895\/revisions\/27945"}],"wp:attachment":[{"href":"https:\/\/un-film-un-jour.com\/index.php\/wp-json\/wp\/v2\/media?parent=27895"}],"wp:term":[{"taxonomy":"category","embeddable":true,"href":"https:\/\/un-film-un-jour.com\/index.php\/wp-json\/wp\/v2\/categories?post=27895"},{"taxonomy":"post_tag","embeddable":true,"href":"https:\/\/un-film-un-jour.com\/index.php\/wp-json\/wp\/v2\/tags?post=27895"}],"curies":[{"name":"wp","href":"https:\/\/api.w.org\/{rel}","templated":true}]}}