{"id":28266,"date":"2026-03-12T08:46:17","date_gmt":"2026-03-12T07:46:17","guid":{"rendered":"https:\/\/un-film-un-jour.com\/?p=28266"},"modified":"2026-03-12T10:06:38","modified_gmt":"2026-03-12T09:06:38","slug":"orphelin","status":"publish","type":"post","link":"https:\/\/un-film-un-jour.com\/index.php\/2026\/03\/12\/orphelin\/","title":{"rendered":"Orphelin \u2605\u2606\u2606\u2606"},"content":{"rendered":"<p><img loading=\"lazy\" decoding=\"async\" class=\"alignleft size-medium\" src=\"https:\/\/fr.web.img3.acsta.net\/r_1920_1080\/img\/66\/d0\/66d0e1c1e63414995df30d2452c5f1c2.jpg\" width=\"347\" height=\"430\" \/><\/p>\n<p>Andor est un gamin juif n\u00e9 pendant la Seconde Guerre mondiale en Hongrie. Il a grandi dans un orphelinat avant d&rsquo;\u00eatre \u00e9lev\u00e9 par Klara, sa m\u00e8re. Son p\u00e8re n&rsquo;est jamais revenu des camps. Un boucher taiseux d\u00e9barque \u00e0 Budapest en 1957, quelques mois apr\u00e8s l&rsquo;insurrection mat\u00e9e par les chars sovi\u00e9tiques. Il avait prot\u00e9g\u00e9 Klara pendant la guerre. Il affirme \u00eatre le p\u00e8re biologique d&rsquo;Andor.<\/p>\n<p>N\u00e9 en 1977, form\u00e9 \u00e0 Paris, ancien assistant de B\u00e9la Tarr, l&rsquo;immense r\u00e9alisateur hongrois r\u00e9cemment d\u00e9c\u00e9d\u00e9 &#8211; auquel le Reflet M\u00e9dicis a consacr\u00e9 une r\u00e9trospective, programmant notamment son <i><span class=\"lang-hu\" lang=\"hu\">S\u00e1t\u00e1ntang\u00f3 <\/span><\/i>dans sa version de 7h30), <span class=\"mw-page-title-main\">L\u00e1szl\u00f3\u00a0<\/span>Nemes a fait une entr\u00e9e fracassante dans le monde du cin\u00e9ma avec son premier long, <a href=\"https:\/\/un-film-un-jour.com\/index.php\/2016\/07\/22\/le-fils-de-saul\/\"><em>Le Fils de Saul<\/em><\/a>, Grand Prix \u00e0 Cannes en 2015 et Oscar du meilleur film en langue \u00e9trang\u00e8re en 2016. Apr\u00e8s cette plong\u00e9e asphyxiante au c\u0153ur m\u00eame des chambres \u00e0 gaz d&rsquo;Auschwitz, son deuxi\u00e8me film, <a href=\"https:\/\/un-film-un-jour.com\/index.php\/2019\/05\/05\/sunset\/\"><em>Sunset<\/em> <\/a>en 2019, fut un retentissant \u00e9chec critique et public. J&rsquo;avais d\u00e9test\u00e9 cet interminable plan-s\u00e9quence tourn\u00e9 sur les pas d&rsquo;une jeune h\u00e9ro\u00efne au cr\u00e9puscule de l&#8217;empire austro-hongrois.<\/p>\n<p>Avec son troisi\u00e8me film, le (plus si) jeune r\u00e9alisateur hongrois a chang\u00e9 sa mani\u00e8re de faire. Il a renonc\u00e9, et c&rsquo;est tant mieux, \u00e0 certaines aff\u00e9teries : des plans-s\u00e9quences \u00e9tendus au-del\u00e0 du supportable, des tr\u00e8s gros plans sur ses personnages laissant dans le flou tout l&rsquo;arri\u00e8re-plan, une bande son bruyante et cacophonique cens\u00e9e t\u00e9moigner du chaos du monde. <em>Orphelin<\/em> est d&rsquo;une facture beaucoup plus classique. Et c&rsquo;est d&rsquo;ailleurs l\u00e0 que le b\u00e2t blesse.<\/p>\n<p><em>Orphelin<\/em> est trop classique. Il n&rsquo;y a rien d&rsquo;original dans son sc\u00e9nario, dans son \u00e9clairage, dans son montage, dans ses d\u00e9cors, dans le jeu de ses acteurs &#8211; aussi bluffante que soit la performance de Gr\u00e9gory Gadebois qui a lui-m\u00eame jou\u00e9 en hongrois sans comprendre un mot de ses textes. Le m\u00eame film aurait pu \u00eatre tourn\u00e9, \u00e0 l&rsquo;image pr\u00e8s, il y a dix ans, vingt ans, trente ans&#8230;.<\/p>\n<p>Ce manque d&rsquo;originalit\u00e9 n&rsquo;est pas le seul d\u00e9faut du film. Son second est sa longueur. Il s&rsquo;\u00e9tire sur plus de deux heurs d&rsquo;horloge. Aurait-il \u00e9t\u00e9 resserr\u00e9 d&rsquo;une demi-heure, il aurait \u00e9t\u00e9 plus percutant.<\/p>\n<p><a href=\"https:\/\/www.allocine.fr\/video\/player_gen_cmedia=20633546&amp;cfilm=326661.html\">La bande-annonce<\/a><\/p>\n","protected":false},"excerpt":{"rendered":"<p>Andor est un gamin juif n\u00e9 pendant la Seconde Guerre mondiale en Hongrie. Il a grandi dans un orphelinat avant d&rsquo;\u00eatre \u00e9lev\u00e9 par Klara, sa m\u00e8re. Son p\u00e8re n&rsquo;est jamais revenu des camps. Un boucher taiseux d\u00e9barque \u00e0 Budapest en 1957, quelques mois apr\u00e8s l&rsquo;insurrection mat\u00e9e par les chars sovi\u00e9tiques. Il avait prot\u00e9g\u00e9 Klara pendant [&hellip;]<\/p>\n","protected":false},"author":1,"featured_media":0,"comment_status":"open","ping_status":"open","sticky":false,"template":"","format":"standard","meta":{"footnotes":""},"categories":[142,146],"tags":[],"class_list":["post-28266","post","type-post","status-publish","format-standard","hentry","category-films-sortis-en-2026","category-films-sortis-en-mars-2026"],"_links":{"self":[{"href":"https:\/\/un-film-un-jour.com\/index.php\/wp-json\/wp\/v2\/posts\/28266","targetHints":{"allow":["GET"]}}],"collection":[{"href":"https:\/\/un-film-un-jour.com\/index.php\/wp-json\/wp\/v2\/posts"}],"about":[{"href":"https:\/\/un-film-un-jour.com\/index.php\/wp-json\/wp\/v2\/types\/post"}],"author":[{"embeddable":true,"href":"https:\/\/un-film-un-jour.com\/index.php\/wp-json\/wp\/v2\/users\/1"}],"replies":[{"embeddable":true,"href":"https:\/\/un-film-un-jour.com\/index.php\/wp-json\/wp\/v2\/comments?post=28266"}],"version-history":[{"count":5,"href":"https:\/\/un-film-un-jour.com\/index.php\/wp-json\/wp\/v2\/posts\/28266\/revisions"}],"predecessor-version":[{"id":28275,"href":"https:\/\/un-film-un-jour.com\/index.php\/wp-json\/wp\/v2\/posts\/28266\/revisions\/28275"}],"wp:attachment":[{"href":"https:\/\/un-film-un-jour.com\/index.php\/wp-json\/wp\/v2\/media?parent=28266"}],"wp:term":[{"taxonomy":"category","embeddable":true,"href":"https:\/\/un-film-un-jour.com\/index.php\/wp-json\/wp\/v2\/categories?post=28266"},{"taxonomy":"post_tag","embeddable":true,"href":"https:\/\/un-film-un-jour.com\/index.php\/wp-json\/wp\/v2\/tags?post=28266"}],"curies":[{"name":"wp","href":"https:\/\/api.w.org\/{rel}","templated":true}]}}