{"id":28687,"date":"2026-04-29T08:11:59","date_gmt":"2026-04-29T07:11:59","guid":{"rendered":"https:\/\/un-film-un-jour.com\/?p=28687"},"modified":"2026-04-29T08:58:54","modified_gmt":"2026-04-29T07:58:54","slug":"vivaldi-et-moi","status":"publish","type":"post","link":"https:\/\/un-film-un-jour.com\/index.php\/2026\/04\/29\/vivaldi-et-moi\/","title":{"rendered":"Vivaldi et moi \u2605\u2605\u2605\u2606"},"content":{"rendered":"<p><img loading=\"lazy\" decoding=\"async\" class=\"alignleft size-medium\" src=\"https:\/\/fr.web.img6.acsta.net\/r_1920_1080\/img\/0b\/e6\/0be6712ea95b821a63891ca86b72ee0e.jpg\" width=\"347\" height=\"430\" \/><\/p>\n<p>L&rsquo;<em><span dir=\"ltr\" lang=\"fr\"><span class=\"mw-page-title-main\">Ospedale della Piet\u00e0 <\/span><\/span><\/em>est un hospice v\u00e9nitien prestigieux qui, pendant plusieurs si\u00e8cles, accueillit et \u00e9duqua des orphelines. Il se finan\u00e7ait gr\u00e2ce aux dons des grandes familles et aux recettes des concerts de son acad\u00e9mie de musique. Au d\u00e9but du XVIIIe si\u00e8cle, il recrute un pr\u00eatre phtisique, Antonio Vivaldi (Michele Riondino). Le ma\u00eetre compte parmi ses \u00e9l\u00e8ves une orpheline particuli\u00e8rement dou\u00e9e, Cecilia (Tecla Insolia).<\/p>\n<p><em>Vivaldi et moi<\/em> (dont le titre original, <em>Primavera<\/em>, est autrement plus subtil puisqu&rsquo;il fait \u00e0 la fois r\u00e9f\u00e9rence \u00e0 l&rsquo;une des \u0153uvres ma\u00eetresses de Vivaldi et au <em>coming-of-age<\/em> de Cecilia) nous vient d&rsquo;Italie. Il est l&rsquo;\u0153uvre de Damiano Michieletto, un r\u00e9alisateur qui a travaill\u00e9 pour les plus prestigieux op\u00e9ras du monde. Avec huit nominations, il est le grand favori des prochains David, l&rsquo;\u00e9quivalent italien des C\u00e9sar, devant <a href=\"https:\/\/un-film-un-jour.com\/index.php\/2026\/01\/30\/la-grazia\/\"><em>La grazia<\/em><\/a> de Sorrentino et <a href=\"https:\/\/un-film-un-jour.com\/index.php\/2026\/04\/12\/le-dernier-pour-la-route\/\"><em>Le Dernier pour la route<\/em><\/a>.<\/p>\n<p><span style=\"color: initial;\">Vivaldi et moi n&rsquo;est pas un biopic sur Vivaldi. Son personnage principal est Cecilia. L&rsquo;histoire qu&rsquo;il raconte est celle de son \u00e9mancipation gr\u00e2ce \u00e0 la musique et \u00e0 la rencontre du maestro. Ainsi pr\u00e9sent\u00e9, on imagine par avance le film qu&rsquo;on va voir : l&rsquo;\u00e9vocation d&rsquo;abord de l&rsquo;enfance solitaire de Cecilia, l&rsquo;arriv\u00e9e de Vivaldi, l&rsquo;alchimie imm\u00e9diate qui se cr\u00e9e entre le ma\u00eetre et sa violoniste, la relation platonique qui peut-\u00eatre laissera place \u00e0 des \u00e9lans plus charnels, etc.\u00a0<\/span><\/p>\n<p>Mais le sc\u00e9nario a le don de nous surprendre. Il le fait gr\u00e2ce \u00e0 deux rebondissements qui poss\u00e8dent la double qualit\u00e9 d&rsquo;\u00eatre absolument inattendus et totalement coh\u00e9rents. L&rsquo;un met en sc\u00e8ne Stefano Accorsi dans un r\u00f4le secondaire de parfait salaud. L&rsquo;autre cl\u00f4t le film.<\/p>\n<p><em>Vivaldi et moi<\/em> vaut par sa reconstitution de la R\u00e9publique des Doges. Il rappelle, si d&rsquo;aucunes s&rsquo;en souviennent, <em>Rouge Venise<\/em> que j&rsquo;avais vu il y a des lustres \u00e0 Toulon avec ma d\u00e9funte s\u0153ur. Il rappelle aussi le plus r\u00e9cent <a href=\"https:\/\/un-film-un-jour.com\/index.php\/2024\/07\/09\/gloria\/\"><em>Gloria!<\/em><\/a> qui se passe lui aussi dans un hospice v\u00e9nitien une centaine d&rsquo;ann\u00e9es plus tard. Il rappelle enfin le roman de L\u00e9onor de Recondo <em>Le Grand Feu<\/em> dont je me suis m\u00eame demand\u00e9 s&rsquo;il n&rsquo;en \u00e9tait pas l&rsquo;adaptation.<br \/>\nIl vaut aussi par sa musique baroque splendide qui a le bon go\u00fbt d&rsquo;\u00e9viter ce qu&rsquo;on redoutait par-dessus tout : le recours ad nauseam aux passages trop connus des<em> Quatre Saisons<\/em>.<\/p>\n<p><a href=\"https:\/\/www.allocine.fr\/video\/player_gen_cmedia=20635098&amp;cfilm=1000018672.html\">La bande-annonce<\/a><\/p>\n","protected":false},"excerpt":{"rendered":"<p>L&rsquo;Ospedale della Piet\u00e0 est un hospice v\u00e9nitien prestigieux qui, pendant plusieurs si\u00e8cles, accueillit et \u00e9duqua des orphelines. Il se finan\u00e7ait gr\u00e2ce aux dons des grandes familles et aux recettes des concerts de son acad\u00e9mie de musique. Au d\u00e9but du XVIIIe si\u00e8cle, il recrute un pr\u00eatre phtisique, Antonio Vivaldi (Michele Riondino). Le ma\u00eetre compte parmi ses [&hellip;]<\/p>\n","protected":false},"author":1,"featured_media":0,"comment_status":"open","ping_status":"open","sticky":false,"template":"","format":"standard","meta":{"footnotes":""},"categories":[142,145],"tags":[],"class_list":["post-28687","post","type-post","status-publish","format-standard","hentry","category-films-sortis-en-2026","category-films-sortis-en-avril-2026"],"_links":{"self":[{"href":"https:\/\/un-film-un-jour.com\/index.php\/wp-json\/wp\/v2\/posts\/28687","targetHints":{"allow":["GET"]}}],"collection":[{"href":"https:\/\/un-film-un-jour.com\/index.php\/wp-json\/wp\/v2\/posts"}],"about":[{"href":"https:\/\/un-film-un-jour.com\/index.php\/wp-json\/wp\/v2\/types\/post"}],"author":[{"embeddable":true,"href":"https:\/\/un-film-un-jour.com\/index.php\/wp-json\/wp\/v2\/users\/1"}],"replies":[{"embeddable":true,"href":"https:\/\/un-film-un-jour.com\/index.php\/wp-json\/wp\/v2\/comments?post=28687"}],"version-history":[{"count":8,"href":"https:\/\/un-film-un-jour.com\/index.php\/wp-json\/wp\/v2\/posts\/28687\/revisions"}],"predecessor-version":[{"id":28741,"href":"https:\/\/un-film-un-jour.com\/index.php\/wp-json\/wp\/v2\/posts\/28687\/revisions\/28741"}],"wp:attachment":[{"href":"https:\/\/un-film-un-jour.com\/index.php\/wp-json\/wp\/v2\/media?parent=28687"}],"wp:term":[{"taxonomy":"category","embeddable":true,"href":"https:\/\/un-film-un-jour.com\/index.php\/wp-json\/wp\/v2\/categories?post=28687"},{"taxonomy":"post_tag","embeddable":true,"href":"https:\/\/un-film-un-jour.com\/index.php\/wp-json\/wp\/v2\/tags?post=28687"}],"curies":[{"name":"wp","href":"https:\/\/api.w.org\/{rel}","templated":true}]}}