{"id":3354,"date":"2017-01-25T08:04:49","date_gmt":"2017-01-25T07:04:49","guid":{"rendered":"http:\/\/un-film-un-jour.com\/?p=3354"},"modified":"2017-01-25T12:36:42","modified_gmt":"2017-01-25T11:36:42","slug":"lascension","status":"publish","type":"post","link":"https:\/\/un-film-un-jour.com\/index.php\/2017\/01\/25\/lascension\/","title":{"rendered":"L&rsquo;Ascension \u2605\u2605\u2605\u2606"},"content":{"rendered":"<p><img loading=\"lazy\" decoding=\"async\" class=\"alignleft size-medium\" src=\"http:\/\/fr.web.img6.acsta.net\/r_1920_1080\/pictures\/16\/12\/26\/16\/49\/536088.jpg\" width=\"317\" height=\"430\" \/>En 2008, Nadir Dendoune, un enfant du 9-3, a escalad\u00e9 l&rsquo;Everest sans aucune exp\u00e9rience de la haute montagne. Cette histoire vraie a inspir\u00e9 un livre, joliment tir\u00e9 \u00ab\u00a0Un tocard sur le toit du monde\u00a0\u00bb, puis un film qui sort aujourd&rsquo;hui dans les salles.<\/p>\n<p>\u00ab\u00a0L&rsquo;Ascension\u00a0\u00bb &#8211; un titre bien plus plat que celui du livre &#8211; prend deux libert\u00e9s avec les faits r\u00e9els dont il est inspir\u00e9. La premi\u00e8re est d&rsquo;inventer une histoire d&rsquo;amour. C&rsquo;est pour conqu\u00e9rir le c\u0153ur de Nadia que Samy se lance \u00e0 la conqu\u00eate du g\u00e9ant himalayen. L&rsquo;alibi est charmant. Il l&rsquo;est d&rsquo;autant plus qu&rsquo;il est jou\u00e9 avec gr\u00e2ce par Alice Bela\u00efdi, une jeune actrice d\u00e9j\u00e0 entr&rsquo;aper\u00e7ue dans \u00ab\u00a0<a href=\"https:\/\/un-film-un-jour.com\/index.php\/2016\/09\/15\/la-taularde\/\">La Taularde<\/a>\u00a0\u00bb et \u00ab\u00a0Radiostars\u00a0\u00bb.<\/p>\n<p>La seconde diff\u00e9rence est plus pol\u00e9mique. Le jeune alpiniste en herbe n&rsquo;est pas interpr\u00e9t\u00e9 par un Franco-Alg\u00e9rien mais par Ahmed Sylla. Sans doute la jeune coqueluche de la <em>stand up comedy<\/em> fait-elle honn\u00eatement le job. Mais pourquoi avoir confi\u00e9 le r\u00f4le \u00e0 un Renoi et pas \u00e0 un Beur ? N&rsquo;y en a-t-il aucun qui en aurait \u00e9t\u00e9 capable ?<\/p>\n<p>Revenons au film et \u00e0 ce qui en constitue le principal, sinon le seul, int\u00e9r\u00eat. La haute montagne. J&rsquo;ai d\u00e9j\u00e0 dit <a href=\"https:\/\/un-film-un-jour.com\/index.php\/2016\/10\/08\/everest\/\">ici <\/a>mon go\u00fbt pour les cimes enneig\u00e9es. J&rsquo;ai d\u00e9j\u00e0 \u00e9voqu\u00e9 pr\u00e9tentieusement mes ascensions du Kilimanjaro et du Mont Blanc. J&rsquo;ai beaucoup aim\u00e9 la description, plut\u00f4t r\u00e9aliste, du p\u00e9riple de Samy : la longue marche d&rsquo;approche, l&rsquo;oxyg\u00e8ne rar\u00e9fi\u00e9 du camp de base, le martyre de la derni\u00e8re ascension, la joie immense, comme on en conna\u00eet peu dans sa vie, de la victoire finale. Pour m&rsquo;avoir fait (re)vivre ces \u00e9motions inoubliables, je fais preuve d&rsquo;une indulgence coupable pour ce gentil divertissement du dimanche soir.<\/p>\n<p><a href=\"http:\/\/www.allocine.fr\/video\/player_gen_cmedia=19566358&amp;cfilm=247045.html\">La bande-annonce<\/a><\/p>\n","protected":false},"excerpt":{"rendered":"<p>En 2008, Nadir Dendoune, un enfant du 9-3, a escalad\u00e9 l&rsquo;Everest sans aucune exp\u00e9rience de la haute montagne. Cette histoire vraie a inspir\u00e9 un livre, joliment tir\u00e9 \u00ab\u00a0Un tocard sur le toit du monde\u00a0\u00bb, puis un film qui sort aujourd&rsquo;hui dans les salles. \u00ab\u00a0L&rsquo;Ascension\u00a0\u00bb &#8211; un titre bien plus plat que celui du livre &#8211; [&hellip;]<\/p>\n","protected":false},"author":1,"featured_media":0,"comment_status":"open","ping_status":"open","sticky":false,"template":"","format":"standard","meta":{"footnotes":""},"categories":[21,22],"tags":[],"class_list":["post-3354","post","type-post","status-publish","format-standard","hentry","category-films-sortis-en-2017","category-films-sortis-en-janvier-2017"],"_links":{"self":[{"href":"https:\/\/un-film-un-jour.com\/index.php\/wp-json\/wp\/v2\/posts\/3354","targetHints":{"allow":["GET"]}}],"collection":[{"href":"https:\/\/un-film-un-jour.com\/index.php\/wp-json\/wp\/v2\/posts"}],"about":[{"href":"https:\/\/un-film-un-jour.com\/index.php\/wp-json\/wp\/v2\/types\/post"}],"author":[{"embeddable":true,"href":"https:\/\/un-film-un-jour.com\/index.php\/wp-json\/wp\/v2\/users\/1"}],"replies":[{"embeddable":true,"href":"https:\/\/un-film-un-jour.com\/index.php\/wp-json\/wp\/v2\/comments?post=3354"}],"version-history":[{"count":7,"href":"https:\/\/un-film-un-jour.com\/index.php\/wp-json\/wp\/v2\/posts\/3354\/revisions"}],"predecessor-version":[{"id":3390,"href":"https:\/\/un-film-un-jour.com\/index.php\/wp-json\/wp\/v2\/posts\/3354\/revisions\/3390"}],"wp:attachment":[{"href":"https:\/\/un-film-un-jour.com\/index.php\/wp-json\/wp\/v2\/media?parent=3354"}],"wp:term":[{"taxonomy":"category","embeddable":true,"href":"https:\/\/un-film-un-jour.com\/index.php\/wp-json\/wp\/v2\/categories?post=3354"},{"taxonomy":"post_tag","embeddable":true,"href":"https:\/\/un-film-un-jour.com\/index.php\/wp-json\/wp\/v2\/tags?post=3354"}],"curies":[{"name":"wp","href":"https:\/\/api.w.org\/{rel}","templated":true}]}}