{"id":391,"date":"2016-02-24T07:07:02","date_gmt":"2016-02-24T06:07:02","guid":{"rendered":"http:\/\/un-film-un-jour.com\/?p=391"},"modified":"2018-01-30T09:06:41","modified_gmt":"2018-01-30T08:06:41","slug":"contre-pouvoirs","status":"publish","type":"post","link":"https:\/\/un-film-un-jour.com\/index.php\/2016\/02\/24\/contre-pouvoirs\/","title":{"rendered":"Contre-pouvoirs \u2605\u2606\u2606\u2606"},"content":{"rendered":"<p><img loading=\"lazy\" decoding=\"async\" class=\"alignleft\" src=\"http:\/\/fr.web.img5.acsta.net\/pictures\/16\/01\/11\/12\/40\/102089.jpg\" alt=\"\" width=\"317\" height=\"430\" \/>Malek Bensma\u00efl avait r\u00e9alis\u00e9 en 2009 un documentaire \u00e9patant <em>La Chine est encore loin<\/em> qui &#8211; comme son nom ne l&rsquo;indiquait pas &#8211; suivait pendant une ann\u00e9e une classe de jeunes Alg\u00e9riens. D\u00e9but 2014, il filme la r\u00e9daction de <em>El Watan<\/em>, le grand quotidien francophone d&rsquo;Alger alors qu&rsquo;il s&rsquo;appr\u00eate \u00e0 d\u00e9m\u00e9nager dans de nouveaux locaux et que la campagne pr\u00e9sidentielle bat son plein. Fond\u00e9 en 1990, ce journal manifeste une libert\u00e9 de ton \u00e9tonnante, dans un syst\u00e8me verrouill\u00e9 et scl\u00e9ros\u00e9.<\/p>\n<p>Suivant les dogmes du cin\u00e9ma documentaire, la cam\u00e9ra de Malek Bensma\u00efl se fait oublier, se glissant dans les salles de r\u00e9daction, enregistrant les discussions entre journalistes, les r\u00e9unions de r\u00e9daction, captant les gestes des imprimeurs. Aucune voix off, aucun sous-titre pour expliquer ou contextualiser. Du coup, on veut bien croire que El Watan est en butte aux autorit\u00e9s, mais rien \u00e0 l&rsquo;\u00e9cran ne le montre &#8211; si ce n&rsquo;est un rendez-vous entre le r\u00e9dacteur en chef et son avocat o\u00f9 sont rapidement pass\u00e9s en revue les proc\u00e8s en cours.<\/p>\n<p>Le fil rouge du documentaire est la r\u00e9\u00e9lection annonc\u00e9e de Abdelaziz Bouteflika. Ce choix n&rsquo;est pas tr\u00e8s heureux car le suspense est mince : la campagne est lanc\u00e9e sur un faux rythme, avec un pr\u00e9sident physiquement absent dont la figure est paradoxalement omnipr\u00e9sente ; elle se cl\u00f4t sur une victoire \u00ab\u00a0dans un fauteuil\u00a0\u00bb, double clin d\u2019\u0153il au score \u00ab\u00a0sovi\u00e9tique\u00a0\u00bb obtenu par le pr\u00e9sident sortant et \u00e0 l&rsquo;accident cardio-vasculaire qui le cloue dans une chaise roulante.<\/p>\n<p><em>Contre-pouvoirs<\/em> a le handicap de succ\u00e9der \u00e0 deux documentaires autrement r\u00e9ussis sur le m\u00eame sujet : <em>\u00c0 la une du New York Times<\/em> (2011) et <em>Les Gens du Monde<\/em> (2014)<\/p>\n<p><a href=\"http:\/\/www.allocine.fr\/video\/player_gen_cmedia=19558860&amp;cfilm=241762.html\">La bande-annonce<\/a><\/p>\n","protected":false},"excerpt":{"rendered":"<p>Malek Bensma\u00efl avait r\u00e9alis\u00e9 en 2009 un documentaire \u00e9patant La Chine est encore loin qui &#8211; comme son nom ne l&rsquo;indiquait pas &#8211; suivait pendant une ann\u00e9e une classe de jeunes Alg\u00e9riens. D\u00e9but 2014, il filme la r\u00e9daction de El Watan, le grand quotidien francophone d&rsquo;Alger alors qu&rsquo;il s&rsquo;appr\u00eate \u00e0 d\u00e9m\u00e9nager dans de nouveaux locaux [&hellip;]<\/p>\n","protected":false},"author":1,"featured_media":0,"comment_status":"open","ping_status":"open","sticky":false,"template":"","format":"standard","meta":{"footnotes":""},"categories":[5,8],"tags":[],"class_list":["post-391","post","type-post","status-publish","format-standard","hentry","category-films-sortis-en-2016","category-films-sortis-en-janvier-2016"],"_links":{"self":[{"href":"https:\/\/un-film-un-jour.com\/index.php\/wp-json\/wp\/v2\/posts\/391","targetHints":{"allow":["GET"]}}],"collection":[{"href":"https:\/\/un-film-un-jour.com\/index.php\/wp-json\/wp\/v2\/posts"}],"about":[{"href":"https:\/\/un-film-un-jour.com\/index.php\/wp-json\/wp\/v2\/types\/post"}],"author":[{"embeddable":true,"href":"https:\/\/un-film-un-jour.com\/index.php\/wp-json\/wp\/v2\/users\/1"}],"replies":[{"embeddable":true,"href":"https:\/\/un-film-un-jour.com\/index.php\/wp-json\/wp\/v2\/comments?post=391"}],"version-history":[{"count":8,"href":"https:\/\/un-film-un-jour.com\/index.php\/wp-json\/wp\/v2\/posts\/391\/revisions"}],"predecessor-version":[{"id":5136,"href":"https:\/\/un-film-un-jour.com\/index.php\/wp-json\/wp\/v2\/posts\/391\/revisions\/5136"}],"wp:attachment":[{"href":"https:\/\/un-film-un-jour.com\/index.php\/wp-json\/wp\/v2\/media?parent=391"}],"wp:term":[{"taxonomy":"category","embeddable":true,"href":"https:\/\/un-film-un-jour.com\/index.php\/wp-json\/wp\/v2\/categories?post=391"},{"taxonomy":"post_tag","embeddable":true,"href":"https:\/\/un-film-un-jour.com\/index.php\/wp-json\/wp\/v2\/tags?post=391"}],"curies":[{"name":"wp","href":"https:\/\/api.w.org\/{rel}","templated":true}]}}