{"id":4208,"date":"2017-07-14T06:01:58","date_gmt":"2017-07-14T05:01:58","guid":{"rendered":"http:\/\/un-film-un-jour.com\/?p=4208"},"modified":"2017-07-14T15:00:57","modified_gmt":"2017-07-14T14:00:57","slug":"kemtiyu-cheikh-anta","status":"publish","type":"post","link":"https:\/\/un-film-un-jour.com\/index.php\/2017\/07\/14\/kemtiyu-cheikh-anta\/","title":{"rendered":"Kemtiyu Cheikh Anta \u2605\u2605\u2606\u2606"},"content":{"rendered":"<p><img loading=\"lazy\" decoding=\"async\" class=\"alignleft size-medium\" src=\"http:\/\/fr.web.img4.acsta.net\/r_1920_1080\/pictures\/17\/06\/12\/14\/36\/357974.jpg\" width=\"317\" height=\"430\" \/>Cheikh Anta Diop (1923-1986) fut l&rsquo;un des esprits les plus brillants de son temps. Dou\u00e9 d&rsquo;une intelligence exceptionnelle, ce S\u00e9n\u00e9galais re\u00e7ut en France une double formation scientifique &#8211; aupr\u00e8s de Fr\u00e9d\u00e9ric Jolliot-Curie &#8211;\u00a0 et philosophique &#8211; aupr\u00e8s de Gaston Bachelard. Son premier ouvrage, \u00ab\u00a0Nations n\u00e8gres et cultures \u00a0\u00bb fit pol\u00e9mique \u00e0 sa parution en 1954 : il y d\u00e9fendait la th\u00e8se de la n\u00e9gritude des premiers pharaons.<\/p>\n<p>Documentaliste engag\u00e9, William Ousmane Mbaye raconte sa vie. <em>Kemtiyu<\/em> &#8211; en wolof le pays des hommes noirs ou la N\u00e9gritie &#8211; a \u00e9t\u00e9 diffus\u00e9 en novembre 2016 sur TV5 Monde. Il a \u00e9t\u00e9 parall\u00e8lement programm\u00e9 dans quelques cin\u00e9mas devant une audience clairsem\u00e9e mais politiquement engag\u00e9e.<\/p>\n<p>La th\u00e8se de Cheikh Anta Diop suscite de vives pol\u00e9miques. Qu&rsquo;on y adh\u00e8re ou qu&rsquo;on la combatte, elle ne laisse pas indiff\u00e9rent.<br \/>\nEn les pla\u00e7ant \u00e0 l&rsquo;origine de la premi\u00e8re civilisation de l&rsquo;humanit\u00e9, elle redonne une l\u00e9gitimit\u00e9 et une fiert\u00e9 aux populations noires que l&rsquo;Histoire du monde &#8211; depuis Hegel jusqu&rsquo;au discours de Dakar de Nicolas Sarkozy en juillet 2007 &#8211; a rel\u00e9gu\u00e9es aux marges du monde.<br \/>\nElle n&rsquo;en repose pas moins sur des bases scientifiques fragiles. Si la g\u00e9n\u00e9tique et la pal\u00e9ontologie corroborent la th\u00e8se de l&rsquo;origine africaine de l&rsquo;homme moderne, les arguments linguistiques d\u00e9velopp\u00e9s par Cheik Anta Diop, notamment les similitudes entre l&rsquo;\u00e9gyptien ancien et le wolof ont depuis \u00e9t\u00e9 remis en cause.<\/p>\n<p>Les partisans et les opposant des th\u00e8ses de Cheikh Anta Diop ont les uns et les autres le d\u00e9faut de placer le d\u00e9bat sur le terrain de la race. Fonci\u00e8rement antiracistes, ses partisans survalorisent paradoxalement la \u00ab\u00a0race\u00a0\u00bb noire ou k\u00e9mite et d\u00e9noncent le soi-disant complot qui aurait depuis Champollion conduit \u00e0 nier les racines n\u00e8gres de l&rsquo;Egypte pharaonique. Ses opposants, dont ils seraient exag\u00e9r\u00e9 de croire qu&rsquo;ils aient foment\u00e9 un complot, sont eux prisonniers d&rsquo;une vision europ\u00e9ocentriste de l&rsquo;\u00c9gypte qui n&rsquo;est pas toujours exempte d&rsquo;un racisme inavou\u00e9.<\/p>\n<p>Au-del\u00e0 de cette ind\u00e9passable pol\u00e9mique, <em>Kemtiyu<\/em> a le m\u00e9rite de redonner la parole \u00e0 Cheikh Anta Diop \u00e0 travers les archives de sa vie et les t\u00e9moignages de ses proches. On d\u00e9couvre un v\u00e9ritable Pic de la Mirandole africain, qu&rsquo;aucun domaine du savoir ne laissait indiff\u00e9rent. On d\u00e9couvre aussi un homme politique engag\u00e9 toute sa vie durant contre le pouvoir de L\u00e9opold Sedar Senghor. H\u00e9las ! Senghor, le pr\u00e9sident-po\u00e8te, jouit au regard de la post\u00e9rit\u00e9 de l&rsquo;image, largement usurp\u00e9e, d&rsquo;un grand d\u00e9mocrate. Du coup, dans l&rsquo;imaginaire occidental, incapable de reconna\u00eetre leur r\u00f4le \u00e0 un trop grand nombre de h\u00e9ros africains, Cheikh Anta Diop n&rsquo;a pas de place.<\/p>\n<p><a href=\"http:\/\/www.allocine.fr\/video\/player_gen_cmedia=19572307&amp;cfilm=256850.html\">La bande-annonce<\/a><\/p>\n","protected":false},"excerpt":{"rendered":"<p>Cheikh Anta Diop (1923-1986) fut l&rsquo;un des esprits les plus brillants de son temps. Dou\u00e9 d&rsquo;une intelligence exceptionnelle, ce S\u00e9n\u00e9galais re\u00e7ut en France une double formation scientifique &#8211; aupr\u00e8s de Fr\u00e9d\u00e9ric Jolliot-Curie &#8211;\u00a0 et philosophique &#8211; aupr\u00e8s de Gaston Bachelard. Son premier ouvrage, \u00ab\u00a0Nations n\u00e8gres et cultures \u00a0\u00bb fit pol\u00e9mique \u00e0 sa parution en 1954 [&hellip;]<\/p>\n","protected":false},"author":1,"featured_media":0,"comment_status":"open","ping_status":"open","sticky":false,"template":"","format":"standard","meta":{"footnotes":""},"categories":[5],"tags":[],"class_list":["post-4208","post","type-post","status-publish","format-standard","hentry","category-films-sortis-en-2016"],"_links":{"self":[{"href":"https:\/\/un-film-un-jour.com\/index.php\/wp-json\/wp\/v2\/posts\/4208","targetHints":{"allow":["GET"]}}],"collection":[{"href":"https:\/\/un-film-un-jour.com\/index.php\/wp-json\/wp\/v2\/posts"}],"about":[{"href":"https:\/\/un-film-un-jour.com\/index.php\/wp-json\/wp\/v2\/types\/post"}],"author":[{"embeddable":true,"href":"https:\/\/un-film-un-jour.com\/index.php\/wp-json\/wp\/v2\/users\/1"}],"replies":[{"embeddable":true,"href":"https:\/\/un-film-un-jour.com\/index.php\/wp-json\/wp\/v2\/comments?post=4208"}],"version-history":[{"count":4,"href":"https:\/\/un-film-un-jour.com\/index.php\/wp-json\/wp\/v2\/posts\/4208\/revisions"}],"predecessor-version":[{"id":4243,"href":"https:\/\/un-film-un-jour.com\/index.php\/wp-json\/wp\/v2\/posts\/4208\/revisions\/4243"}],"wp:attachment":[{"href":"https:\/\/un-film-un-jour.com\/index.php\/wp-json\/wp\/v2\/media?parent=4208"}],"wp:term":[{"taxonomy":"category","embeddable":true,"href":"https:\/\/un-film-un-jour.com\/index.php\/wp-json\/wp\/v2\/categories?post=4208"},{"taxonomy":"post_tag","embeddable":true,"href":"https:\/\/un-film-un-jour.com\/index.php\/wp-json\/wp\/v2\/tags?post=4208"}],"curies":[{"name":"wp","href":"https:\/\/api.w.org\/{rel}","templated":true}]}}