{"id":4373,"date":"2017-09-15T06:38:15","date_gmt":"2017-09-15T05:38:15","guid":{"rendered":"http:\/\/un-film-un-jour.com\/?p=4373"},"modified":"2017-09-15T06:38:15","modified_gmt":"2017-09-15T05:38:15","slug":"ete-93","status":"publish","type":"post","link":"https:\/\/un-film-un-jour.com\/index.php\/2017\/09\/15\/ete-93\/","title":{"rendered":"\u00c9t\u00e9 93 \u2605\u2606\u2606\u2606"},"content":{"rendered":"<p><img loading=\"lazy\" decoding=\"async\" class=\"alignleft size-medium\" src=\"http:\/\/fr.web.img2.acsta.net\/r_1920_1080\/pictures\/17\/05\/02\/17\/43\/252454.jpg\" width=\"317\" height=\"430\" \/>Frida a six ans. Elle a perdu sa m\u00e8re d&rsquo;une maladie dont, en 1993, on n&rsquo;ose toujours pas prononc\u00e9 le nom. Son p\u00e8re aussi est mort. Elle quitte l&rsquo;appartement familial de Barcelone pour la campagne catalane o\u00f9 son oncle, Esteve, sa tante, Marga, et sa cousine, Anna, la prennent sous leur garde. L&rsquo;\u00e9t\u00e9 commence.<\/p>\n<p>Vous avez aim\u00e9 <em>Jeux Interdits<\/em> ? <em>Crias Cuervos<\/em> ? Vous adorerez <em>\u00c9t\u00e9 93<\/em>. Le sujet en est le m\u00eame : un orphelin confront\u00e9 \u00e0 la mort de ses parents. Le traitement en est le m\u00eame : un lent travail de deuil film\u00e9 \u00e0 travers les yeux de l&rsquo;enfant qui l&rsquo;accomplit. Le probl\u00e8me est que <em>\u00c9t\u00e9 93<\/em> arrive apr\u00e8s ces deux immenses chefs d\u2019\u0153uvre &#8211; et n&rsquo;a pas une bande originale aussi mythique.<\/p>\n<p>Sans doute, Carla Sim\u00f3n r\u00e9ussit-elle \u00e0 \u00e9viter toute mi\u00e8vrerie. Son h\u00e9ro\u00efne ne cabotine pas comme le font si souvent les acteurs mal dirig\u00e9s de cet \u00e2ge. Frida est une enfant de six ans, avec ses incoh\u00e9rences, son chagrin rentr\u00e9 et la m\u00e9chancet\u00e9 qu&rsquo;elle laisse parfois \u00e9chapper, \u00e0 l&rsquo;\u00e9gard de ses nouveaux parents d&rsquo;adoption et de leur petite fille.<\/p>\n<p>Les d\u00e9fauts du film d\u00e9coulent de son parti pris qui trouve vite ces limites. L&rsquo;histoire de Frida est film\u00e9e \u00e0 travers ses yeux. Mais il y a une diff\u00e9rence entre ce qu&rsquo;elle voit ou entend &#8211; et que le spectateur voit et entend avec elle &#8211; et ce qu&rsquo;une enfant de six ans en comprend. Pour le dire autrement : le film donne \u00e0 voir la r\u00e9alit\u00e9 confuse qu&rsquo;une enfant per\u00e7oit mais ne nous met pas \u00e0 \u00e9galit\u00e9 avec elle dans ses difficult\u00e9s \u00e0 l&rsquo;analyser.<\/p>\n<p>Autre d\u00e9faut : un sc\u00e9nario qui ne c\u00e8de pas \u00e0 la facilit\u00e9 de ponctuer cette chronique d&rsquo;un \u00e9t\u00e9 sans histoires de tout \u00e9v\u00e9nement mais qui du coup s&rsquo;enferme lentement dans un \u00e9mollient ennui. On me r\u00e9torquera que la sc\u00e8ne finale est bouleversante. Sans doute ferait-elle pleurer les pierres. Mais, tout bien consid\u00e9r\u00e9, elle est trop pr\u00e9visible pour \u00eatre pleinement convaincante.<\/p>\n<p><a href=\"http:\/\/www.allocine.fr\/video\/player_gen_cmedia=19572123&amp;cfilm=253472.html\">La bande-annonce<\/a><\/p>\n","protected":false},"excerpt":{"rendered":"<p>Frida a six ans. Elle a perdu sa m\u00e8re d&rsquo;une maladie dont, en 1993, on n&rsquo;ose toujours pas prononc\u00e9 le nom. Son p\u00e8re aussi est mort. Elle quitte l&rsquo;appartement familial de Barcelone pour la campagne catalane o\u00f9 son oncle, Esteve, sa tante, Marga, et sa cousine, Anna, la prennent sous leur garde. L&rsquo;\u00e9t\u00e9 commence. Vous [&hellip;]<\/p>\n","protected":false},"author":1,"featured_media":0,"comment_status":"open","ping_status":"open","sticky":false,"template":"","format":"standard","meta":{"footnotes":""},"categories":[21,30],"tags":[],"class_list":["post-4373","post","type-post","status-publish","format-standard","hentry","category-films-sortis-en-2017","category-films-sortis-en-juillet-2017"],"_links":{"self":[{"href":"https:\/\/un-film-un-jour.com\/index.php\/wp-json\/wp\/v2\/posts\/4373","targetHints":{"allow":["GET"]}}],"collection":[{"href":"https:\/\/un-film-un-jour.com\/index.php\/wp-json\/wp\/v2\/posts"}],"about":[{"href":"https:\/\/un-film-un-jour.com\/index.php\/wp-json\/wp\/v2\/types\/post"}],"author":[{"embeddable":true,"href":"https:\/\/un-film-un-jour.com\/index.php\/wp-json\/wp\/v2\/users\/1"}],"replies":[{"embeddable":true,"href":"https:\/\/un-film-un-jour.com\/index.php\/wp-json\/wp\/v2\/comments?post=4373"}],"version-history":[{"count":3,"href":"https:\/\/un-film-un-jour.com\/index.php\/wp-json\/wp\/v2\/posts\/4373\/revisions"}],"predecessor-version":[{"id":4406,"href":"https:\/\/un-film-un-jour.com\/index.php\/wp-json\/wp\/v2\/posts\/4373\/revisions\/4406"}],"wp:attachment":[{"href":"https:\/\/un-film-un-jour.com\/index.php\/wp-json\/wp\/v2\/media?parent=4373"}],"wp:term":[{"taxonomy":"category","embeddable":true,"href":"https:\/\/un-film-un-jour.com\/index.php\/wp-json\/wp\/v2\/categories?post=4373"},{"taxonomy":"post_tag","embeddable":true,"href":"https:\/\/un-film-un-jour.com\/index.php\/wp-json\/wp\/v2\/tags?post=4373"}],"curies":[{"name":"wp","href":"https:\/\/api.w.org\/{rel}","templated":true}]}}